{"id":288222,"date":"2023-02-20T12:21:54","date_gmt":"2023-02-20T09:21:54","guid":{"rendered":"https:\/\/sana.sy\/es\/?p=288222"},"modified":"2023-02-20T17:05:04","modified_gmt":"2023-02-20T14:05:04","slug":"sweida-dice-un-rotundo-no-a-las-agresiones-israelies-fotos","status":"publish","type":"post","link":"https:\/\/archive.sana.sy\/es\/?p=288222","title":{"rendered":"Sweida dice un rotundo &#8220;No&#8221; a las agresiones israel\u00edes (+ fotos)"},"content":{"rendered":"<p style=\"text-align: justify;\"><span style=\"color: #800000;\"><strong>Sweida, 20 feb (SANA)\u00a0<\/strong> <\/span>\u00a0Frente a la sede del ayuntamiento de la ciudad de Sweida, capital de la provincia del mismo nombre, se congregaron miles para condenar las continuas agresiones israel\u00edes contra Siria y las medidas coercitivas unilaterales impuestas al pueblo sirio.<\/p>\n<p style=\"text-align: justify;\">Durante el acto, el gobernador de Sweida, Bassam Parsik, se refiri\u00f3 a la r\u00e1pida respuesta de la poblaci\u00f3n de Sweida para ayudar a sus hermanos en las gobernaciones afectadas por el terremoto, tambi\u00e9n agradeci\u00f3 al pueblo de la provincia que no dud\u00f3 en brindar apoyo, asistencia y socorro a sus compatriotas.<\/p>\n<p style=\"text-align: justify;\">Por su parte, el decano de presos sirios liberados, Sidqi Al-Maqt, valor\u00f3 la posici\u00f3n del pueblo de Sweida, y consider\u00f3 que las repercusiones de este devastador terremoto expusieron la falsedad de Occidente, y revelaron su realidad colonial.<\/p>\n<div id='gallery-1' class='gallery galleryid-288222 gallery-columns-1 gallery-size-full'><figure class='gallery-item'>\n\t\t\t<div class='gallery-icon landscape'>\n\t\t\t\t<a href='https:\/\/archive.sana.sy\/es\/wp-content\/uploads\/2023\/02\/photo_2023-02-20_11-45-28-scaled.jpg'><img loading=\"lazy\" decoding=\"async\" width=\"2560\" height=\"1712\" src=\"https:\/\/archive.sana.sy\/es\/wp-content\/uploads\/2023\/02\/photo_2023-02-20_11-45-28-scaled.jpg\" class=\"attachment-full size-full\" alt=\"\" srcset=\"https:\/\/archive.sana.sy\/es\/wp-content\/uploads\/2023\/02\/photo_2023-02-20_11-45-28-scaled.jpg 2560w, https:\/\/archive.sana.sy\/es\/wp-content\/uploads\/2023\/02\/photo_2023-02-20_11-45-28-300x201.jpg 300w, https:\/\/archive.sana.sy\/es\/wp-content\/uploads\/2023\/02\/photo_2023-02-20_11-45-28-1024x685.jpg 1024w, https:\/\/archive.sana.sy\/es\/wp-content\/uploads\/2023\/02\/photo_2023-02-20_11-45-28-150x100.jpg 150w, https:\/\/archive.sana.sy\/es\/wp-content\/uploads\/2023\/02\/photo_2023-02-20_11-45-28-768x514.jpg 768w, https:\/\/archive.sana.sy\/es\/wp-content\/uploads\/2023\/02\/photo_2023-02-20_11-45-28-1536x1027.jpg 1536w, https:\/\/archive.sana.sy\/es\/wp-content\/uploads\/2023\/02\/photo_2023-02-20_11-45-28-2048x1369.jpg 2048w, https:\/\/archive.sana.sy\/es\/wp-content\/uploads\/2023\/02\/photo_2023-02-20_11-45-28-110x75.jpg 110w\" sizes=\"(max-width: 2560px) 100vw, 2560px\" \/><\/a>\n\t\t\t<\/div><\/figure><figure class='gallery-item'>\n\t\t\t<div class='gallery-icon landscape'>\n\t\t\t\t<a href='https:\/\/archive.sana.sy\/es\/wp-content\/uploads\/2023\/02\/photo_2023-02-20_11-44-44-scaled.jpg'><img loading=\"lazy\" decoding=\"async\" width=\"2560\" height=\"1736\" src=\"https:\/\/archive.sana.sy\/es\/wp-content\/uploads\/2023\/02\/photo_2023-02-20_11-44-44-scaled.jpg\" class=\"attachment-full size-full\" alt=\"\" srcset=\"https:\/\/archive.sana.sy\/es\/wp-content\/uploads\/2023\/02\/photo_2023-02-20_11-44-44-scaled.jpg 2560w, https:\/\/archive.sana.sy\/es\/wp-content\/uploads\/2023\/02\/photo_2023-02-20_11-44-44-300x203.jpg 300w, https:\/\/archive.sana.sy\/es\/wp-content\/uploads\/2023\/02\/photo_2023-02-20_11-44-44-1024x694.jpg 1024w, https:\/\/archive.sana.sy\/es\/wp-content\/uploads\/2023\/02\/photo_2023-02-20_11-44-44-150x102.jpg 150w, https:\/\/archive.sana.sy\/es\/wp-content\/uploads\/2023\/02\/photo_2023-02-20_11-44-44-768x521.jpg 768w, https:\/\/archive.sana.sy\/es\/wp-content\/uploads\/2023\/02\/photo_2023-02-20_11-44-44-1536x1041.jpg 1536w, https:\/\/archive.sana.sy\/es\/wp-content\/uploads\/2023\/02\/photo_2023-02-20_11-44-44-2048x1388.jpg 2048w, https:\/\/archive.sana.sy\/es\/wp-content\/uploads\/2023\/02\/photo_2023-02-20_11-44-44-110x75.jpg 110w\" sizes=\"(max-width: 2560px) 100vw, 2560px\" \/><\/a>\n\t\t\t<\/div><\/figure>\n\t\t<\/div>\n\n<p style=\"text-align: justify;\">fm\/ws\/mm<\/p>\n","protected":false},"excerpt":{"rendered":"<p>Sweida, 20 feb (SANA)\u00a0 \u00a0Frente a la sede del ayuntamiento de la ciudad de Sweida, capital de la provincia del mismo nombre, se congregaron miles para condenar las continuas agresiones israel\u00edes contra Siria y las medidas coercitivas unilaterales impuestas al pueblo sirio. Durante el acto, el gobernador de Sweida, Bassam Parsik, se refiri\u00f3 a la &hellip;<\/p>\n","protected":false},"author":35,"featured_media":288223,"comment_status":"closed","ping_status":"closed","sticky":false,"template":"","format":"standard","meta":{"footnotes":""},"categories":[597,20724,476,583],"tags":[],"class_list":["post-288222","post","type-post","status-publish","format-standard","has-post-thumbnail","","category-cinta-de-noticias","category-minuto-a-minuto","category-locales","category-slide"],"_links":{"self":[{"href":"https:\/\/archive.sana.sy\/es\/index.php?rest_route=\/wp\/v2\/posts\/288222"}],"collection":[{"href":"https:\/\/archive.sana.sy\/es\/index.php?rest_route=\/wp\/v2\/posts"}],"about":[{"href":"https:\/\/archive.sana.sy\/es\/index.php?rest_route=\/wp\/v2\/types\/post"}],"author":[{"embeddable":true,"href":"https:\/\/archive.sana.sy\/es\/index.php?rest_route=\/wp\/v2\/users\/35"}],"replies":[{"embeddable":true,"href":"https:\/\/archive.sana.sy\/es\/index.php?rest_route=%2Fwp%2Fv2%2Fcomments&post=288222"}],"version-history":[{"count":0,"href":"https:\/\/archive.sana.sy\/es\/index.php?rest_route=\/wp\/v2\/posts\/288222\/revisions"}],"wp:featuredmedia":[{"embeddable":true,"href":"https:\/\/archive.sana.sy\/es\/index.php?rest_route=\/wp\/v2\/media\/288223"}],"wp:attachment":[{"href":"https:\/\/archive.sana.sy\/es\/index.php?rest_route=%2Fwp%2Fv2%2Fmedia&parent=288222"}],"wp:term":[{"taxonomy":"category","embeddable":true,"href":"https:\/\/archive.sana.sy\/es\/index.php?rest_route=%2Fwp%2Fv2%2Fcategories&post=288222"},{"taxonomy":"post_tag","embeddable":true,"href":"https:\/\/archive.sana.sy\/es\/index.php?rest_route=%2Fwp%2Fv2%2Ftags&post=288222"}],"curies":[{"name":"wp","href":"https:\/\/api.w.org\/{rel}","templated":true}]}}