{"id":288245,"date":"2023-02-20T16:39:26","date_gmt":"2023-02-20T13:39:26","guid":{"rendered":"https:\/\/sana.sy\/es\/?p=288245"},"modified":"2023-02-20T16:39:26","modified_gmt":"2023-02-20T13:39:26","slug":"siria-y-bahrein-abogan-por-fortalecer-lazos-bilaterales","status":"publish","type":"post","link":"https:\/\/archive.sana.sy\/es\/?p=288245","title":{"rendered":"Siria y Bahr\u00e9in abogan por fortalecer lazos bilaterales"},"content":{"rendered":"<p style=\"text-align: justify;\"><span style=\"color: #800000;\"><strong>Damasco, 20 feb (SANA)<\/strong> <\/span>El presidente de la Asamblea del Pueblo (Parlamento), Hamouda Sabbagh, abord\u00f3 este lunes con el embajador de Bahr\u00e9in en Siria, Waheed Mubarak Sayyar, la importancia de profundizar los lazos y relaciones fraternales sirio-bahrein\u00edes, y pidi\u00f3 emplear m\u00e1s esfuerzos de todos los pa\u00edses \u00e1rabes para lograr la solidaridad \u00e1rabe conjunta.<\/p>\n<p style=\"text-align: justify;\">Tambi\u00e9n expres\u00f3 su esperanza de que las relaciones sirio-bahrein\u00edes sean testigos de un desarrollo cualitativo en un futuro cercano, apreciando las posiciones honorables del Reino de Bahr\u00e9in hacia Siria, y el papel del embajador Sayyar en el fortalecimiento y desarrollo de las relaciones bilaterales entre los dos pa\u00edses hermanos.<\/p>\n<p style=\"text-align: justify;\">Por su parte, el diplom\u00e1tico bahrein\u00ed explic\u00f3 que todo esfuerzo \u00e1rabe que busca fortalecer las relaciones entre los pa\u00edses \u00e1rabes contribuye a unificar la posici\u00f3n \u00e1rabe frente a diversos asuntos regionales e internacionales, y expres\u00f3 la disposici\u00f3n de Bahr\u00e9in para brindar toda la asistencia posible a la hermana Siria a fin de enfrentar las secuelas del devastador terremoto.<\/p>\n<p style=\"text-align: justify;\">Asimismo, revel\u00f3 que Bahr\u00e9in pronto enviar\u00e1 un equipo m\u00e9dico a Siria especializado en el tratamiento de lesiones por desastres, adem\u00e1s de un paquete de ayuda humanitaria a los afectados por devastador terremoto.<\/p>\n<p><em>mm<\/em><\/p>\n","protected":false},"excerpt":{"rendered":"<p>Damasco, 20 feb (SANA) El presidente de la Asamblea del Pueblo (Parlamento), Hamouda Sabbagh, abord\u00f3 este lunes con el embajador de Bahr\u00e9in en Siria, Waheed Mubarak Sayyar, la importancia de profundizar los lazos y relaciones fraternales sirio-bahrein\u00edes, y pidi\u00f3 emplear m\u00e1s esfuerzos de todos los pa\u00edses \u00e1rabes para lograr la solidaridad \u00e1rabe conjunta. Tambi\u00e9n expres\u00f3 &hellip;<\/p>\n","protected":false},"author":36,"featured_media":288246,"comment_status":"closed","ping_status":"closed","sticky":false,"template":"","format":"standard","meta":{"footnotes":""},"categories":[597,20724,467,7541],"tags":[],"class_list":["post-288245","post","type-post","status-publish","format-standard","has-post-thumbnail","","category-cinta-de-noticias","category-minuto-a-minuto","category-siria-y-el-mundo","category-ultimas-noticias"],"_links":{"self":[{"href":"https:\/\/archive.sana.sy\/es\/index.php?rest_route=\/wp\/v2\/posts\/288245"}],"collection":[{"href":"https:\/\/archive.sana.sy\/es\/index.php?rest_route=\/wp\/v2\/posts"}],"about":[{"href":"https:\/\/archive.sana.sy\/es\/index.php?rest_route=\/wp\/v2\/types\/post"}],"author":[{"embeddable":true,"href":"https:\/\/archive.sana.sy\/es\/index.php?rest_route=\/wp\/v2\/users\/36"}],"replies":[{"embeddable":true,"href":"https:\/\/archive.sana.sy\/es\/index.php?rest_route=%2Fwp%2Fv2%2Fcomments&post=288245"}],"version-history":[{"count":0,"href":"https:\/\/archive.sana.sy\/es\/index.php?rest_route=\/wp\/v2\/posts\/288245\/revisions"}],"wp:featuredmedia":[{"embeddable":true,"href":"https:\/\/archive.sana.sy\/es\/index.php?rest_route=\/wp\/v2\/media\/288246"}],"wp:attachment":[{"href":"https:\/\/archive.sana.sy\/es\/index.php?rest_route=%2Fwp%2Fv2%2Fmedia&parent=288245"}],"wp:term":[{"taxonomy":"category","embeddable":true,"href":"https:\/\/archive.sana.sy\/es\/index.php?rest_route=%2Fwp%2Fv2%2Fcategories&post=288245"},{"taxonomy":"post_tag","embeddable":true,"href":"https:\/\/archive.sana.sy\/es\/index.php?rest_route=%2Fwp%2Fv2%2Ftags&post=288245"}],"curies":[{"name":"wp","href":"https:\/\/api.w.org\/{rel}","templated":true}]}}