{"id":288263,"date":"2023-02-20T17:26:45","date_gmt":"2023-02-20T14:26:45","guid":{"rendered":"https:\/\/sana.sy\/es\/?p=288263"},"modified":"2023-02-20T17:27:17","modified_gmt":"2023-02-20T14:27:17","slug":"siria-y-el-pma-abordan-mecanismo-de-distribucion-de-ayuda-humanitaria","status":"publish","type":"post","link":"https:\/\/archive.sana.sy\/es\/?p=288263","title":{"rendered":"Siria y el PMA abordan mecanismo de distribuci\u00f3n de ayuda humanitaria"},"content":{"rendered":"<p style=\"text-align: justify;\"><span style=\"color: #800000;\"><strong>Damasco, 20 feb (SANA)<\/strong><\/span> El ministro de Administraci\u00f3n Local y Medio Ambiente, Hussein Makhlouf, sostuvo este lunes una reuni\u00f3n con Ross Smith, director adjunto del Programa Mundial de Alimentos (PMA).<\/p>\n<p style=\"text-align: justify;\">El encuentro abord\u00f3 el mecanismo de inclusi\u00f3n a los afectados por el terremoto en el programa de ayuda brindado por el PMA, asimismo, se revis\u00f3 la evaluaci\u00f3n realizada por el programa sobre las familias beneficiarias de la asistencia humanitaria.<\/p>\n<p style=\"text-align: justify;\">El ministro Makhlouf agradeci\u00f3 los esfuerzos del PMA encaminadas a\u00a0 aumentar los fondos e incluir a las familias afectadas por el terremoto en este plan de ayuda.<\/p>\n<p style=\"text-align: justify;\">Por su parte, Smith hizo una breve presentaci\u00f3n sobre los esfuerzos realizados por el PMA desde el d\u00eda del desastre hasta la fecha, en cooperaci\u00f3n con todos los socios y subcomit\u00e9s de socorro en las gobernaciones afectadas.<\/p>\n<p><em>mm<\/em><\/p>\n","protected":false},"excerpt":{"rendered":"<p>Damasco, 20 feb (SANA) El ministro de Administraci\u00f3n Local y Medio Ambiente, Hussein Makhlouf, sostuvo este lunes una reuni\u00f3n con Ross Smith, director adjunto del Programa Mundial de Alimentos (PMA). El encuentro abord\u00f3 el mecanismo de inclusi\u00f3n a los afectados por el terremoto en el programa de ayuda brindado por el PMA, asimismo, se revis\u00f3 &hellip;<\/p>\n","protected":false},"author":36,"featured_media":288264,"comment_status":"closed","ping_status":"closed","sticky":false,"template":"","format":"standard","meta":{"footnotes":""},"categories":[597,20724,467],"tags":[],"class_list":["post-288263","post","type-post","status-publish","format-standard","has-post-thumbnail","","category-cinta-de-noticias","category-minuto-a-minuto","category-siria-y-el-mundo"],"_links":{"self":[{"href":"https:\/\/archive.sana.sy\/es\/index.php?rest_route=\/wp\/v2\/posts\/288263"}],"collection":[{"href":"https:\/\/archive.sana.sy\/es\/index.php?rest_route=\/wp\/v2\/posts"}],"about":[{"href":"https:\/\/archive.sana.sy\/es\/index.php?rest_route=\/wp\/v2\/types\/post"}],"author":[{"embeddable":true,"href":"https:\/\/archive.sana.sy\/es\/index.php?rest_route=\/wp\/v2\/users\/36"}],"replies":[{"embeddable":true,"href":"https:\/\/archive.sana.sy\/es\/index.php?rest_route=%2Fwp%2Fv2%2Fcomments&post=288263"}],"version-history":[{"count":0,"href":"https:\/\/archive.sana.sy\/es\/index.php?rest_route=\/wp\/v2\/posts\/288263\/revisions"}],"wp:featuredmedia":[{"embeddable":true,"href":"https:\/\/archive.sana.sy\/es\/index.php?rest_route=\/wp\/v2\/media\/288264"}],"wp:attachment":[{"href":"https:\/\/archive.sana.sy\/es\/index.php?rest_route=%2Fwp%2Fv2%2Fmedia&parent=288263"}],"wp:term":[{"taxonomy":"category","embeddable":true,"href":"https:\/\/archive.sana.sy\/es\/index.php?rest_route=%2Fwp%2Fv2%2Fcategories&post=288263"},{"taxonomy":"post_tag","embeddable":true,"href":"https:\/\/archive.sana.sy\/es\/index.php?rest_route=%2Fwp%2Fv2%2Ftags&post=288263"}],"curies":[{"name":"wp","href":"https:\/\/api.w.org\/{rel}","templated":true}]}}