{"id":288286,"date":"2023-02-20T19:42:14","date_gmt":"2023-02-20T16:42:14","guid":{"rendered":"https:\/\/sana.sy\/es\/?p=288286"},"modified":"2023-02-20T20:32:19","modified_gmt":"2023-02-20T17:32:19","slug":"el-presidente-bashar-al-assad-realiza-una-visita-de-trabajo-al-sultanato-de-oman","status":"publish","type":"post","link":"https:\/\/archive.sana.sy\/es\/?p=288286","title":{"rendered":"El presidente Bashar al-Assad realiza una visita de trabajo al Sultanato de Om\u00e1n"},"content":{"rendered":"<p style=\"text-align: justify;\"><span style=\"color: #800000;\"><strong>Damasco, 20 feb (SANA)\u00a0<\/strong> <\/span>El Presidente Bashar Al-Assad realiz\u00f3 hoy una visita de trabajo al Sultanato de Om\u00e1n, donde fue recibido en el aeropuerto privado real por su Majestad el Sult\u00e1n, Haitham bin Tariq.<\/p>\n<p style=\"text-align: justify;\">El presidente Bashar Al-Assad y el sult\u00e1n Haitham bin Tariq celebraron una sesi\u00f3n oficial de conversaciones en el Palacio de Al-Baraka Al-Amer en Muscat, en presencia de las dos delegaciones oficiales.<\/p>\n<p style=\"text-align: justify;\">Su majestad el Sult\u00e1n reiter\u00f3 sus condolencias al presidente al-Assad y al pueblo sirio por las v\u00edctimas del devastador terremoto, y confirm\u00f3\u00a0 el continuo apoyo de su pa\u00eds a Siria para superar los efectos del terremoto,\u00a0 las repercusiones de la guerra y el asedio impuesto al pueblo sirio.<\/p>\n<p style=\"text-align: justify;\">Por su parte, el presidente al-Assad expres\u00f3 su profundo agradecimiento al sult\u00e1n Haitham bin Tariq , el gobierno y el hermano pueblo oman\u00edes\u00a0 por su solidaridad y apoyo a la Rep\u00fablica \u00c1rabe Siria y por enviar ayuda de socorro, y agreg\u00f3\u00a0 que el mayor agradecimiento es por el apoyo de Om\u00e1n a Siria durante la guerra terrorista lanzada contra Siria.<\/p>\n<p style=\"text-align: justify;\">Las conversaciones tambi\u00e9n trataron las relaciones bilaterales entre los dos pa\u00edses hermanos y las \u00e1reas de cooperaci\u00f3n conjunta, donde se acord\u00f3 mejorar la cooperaci\u00f3n bilateral en todos los campos.<\/p>\n<p style=\"text-align: justify;\">En este sentido, el presidente al-Assad explic\u00f3\u00a0 que Siria y Om\u00e1n mantienen relaciones de\u00a0 confianza mutua y entendimiento antiguo y profundo.<\/p>\n<p style=\"text-align: justify;\">Asimismo, las\u00a0 dos partes\u00a0 abordaron la evoluci\u00f3n de la situaci\u00f3n regional e internacional y los esfuerzos para apoyar y mejorar la seguridad y la estabilidad en la regi\u00f3n, donde el presidente al-Assad consider\u00f3 que Om\u00e1n siempre ha mantenido sus equilibradas pol\u00edticas y credibilidad, y que la regi\u00f3n ahora necesita m\u00e1s el papel del Sultanato de Om\u00e1n para servir a los intereses de su pueblo a fin de fortalecer las relaciones entre los pa\u00edses \u00e1rabes sobre la base del respeto mutuo y la no injerencia en los asuntos de otros pa\u00edses.<\/p>\n<p style=\"text-align: justify;\">Por su parte, su Majestad el Sult\u00e1n dijo que Siria es un pa\u00eds \u00e1rabe hermano y esperamos que sus relaciones con todos los pa\u00edses \u00e1rabes vuelvan a su entorno normal.<\/p>\n<p style=\"text-align: justify;\">La sesi\u00f3n oficial de conversaciones fue seguida por una sesi\u00f3n a puerta cerrada, despu\u00e9s\u00a0 el presidente Al-Assad y su delegaci\u00f3n acompa\u00f1ante partieron de Muscat, concluyendo su visita de trabajo al hermano Sultanato de Om\u00e1n.<\/p>\n<div id='gallery-1' class='gallery galleryid-288286 gallery-columns-1 gallery-size-full'><figure class='gallery-item'>\n\t\t\t<div class='gallery-icon landscape'>\n\t\t\t\t<a href='https:\/\/archive.sana.sy\/es\/?attachment_id=288302'><img loading=\"lazy\" decoding=\"async\" width=\"2560\" height=\"1460\" src=\"https:\/\/archive.sana.sy\/es\/wp-content\/uploads\/2023\/02\/DSC02992-scaled.jpg\" class=\"attachment-full size-full\" alt=\"\" srcset=\"https:\/\/archive.sana.sy\/es\/wp-content\/uploads\/2023\/02\/DSC02992-scaled.jpg 2560w, https:\/\/archive.sana.sy\/es\/wp-content\/uploads\/2023\/02\/DSC02992-300x171.jpg 300w, https:\/\/archive.sana.sy\/es\/wp-content\/uploads\/2023\/02\/DSC02992-1024x584.jpg 1024w, https:\/\/archive.sana.sy\/es\/wp-content\/uploads\/2023\/02\/DSC02992-150x86.jpg 150w, https:\/\/archive.sana.sy\/es\/wp-content\/uploads\/2023\/02\/DSC02992-768x438.jpg 768w, https:\/\/archive.sana.sy\/es\/wp-content\/uploads\/2023\/02\/DSC02992-1536x876.jpg 1536w, https:\/\/archive.sana.sy\/es\/wp-content\/uploads\/2023\/02\/DSC02992-2048x1168.jpg 2048w\" sizes=\"(max-width: 2560px) 100vw, 2560px\" \/><\/a>\n\t\t\t<\/div><\/figure><figure class='gallery-item'>\n\t\t\t<div class='gallery-icon portrait'>\n\t\t\t\t<a href='https:\/\/archive.sana.sy\/es\/?attachment_id=288303'><img loading=\"lazy\" decoding=\"async\" width=\"2033\" height=\"2560\" src=\"https:\/\/archive.sana.sy\/es\/wp-content\/uploads\/2023\/02\/DSC02997-1-scaled.jpg\" class=\"attachment-full size-full\" alt=\"\" srcset=\"https:\/\/archive.sana.sy\/es\/wp-content\/uploads\/2023\/02\/DSC02997-1-scaled.jpg 2033w, https:\/\/archive.sana.sy\/es\/wp-content\/uploads\/2023\/02\/DSC02997-1-238x300.jpg 238w, https:\/\/archive.sana.sy\/es\/wp-content\/uploads\/2023\/02\/DSC02997-1-813x1024.jpg 813w, https:\/\/archive.sana.sy\/es\/wp-content\/uploads\/2023\/02\/DSC02997-1-119x150.jpg 119w, https:\/\/archive.sana.sy\/es\/wp-content\/uploads\/2023\/02\/DSC02997-1-768x967.jpg 768w, https:\/\/archive.sana.sy\/es\/wp-content\/uploads\/2023\/02\/DSC02997-1-1220x1536.jpg 1220w, https:\/\/archive.sana.sy\/es\/wp-content\/uploads\/2023\/02\/DSC02997-1-1627x2048.jpg 1627w\" sizes=\"(max-width: 2033px) 100vw, 2033px\" \/><\/a>\n\t\t\t<\/div><\/figure><figure class='gallery-item'>\n\t\t\t<div class='gallery-icon portrait'>\n\t\t\t\t<a href='https:\/\/archive.sana.sy\/es\/?attachment_id=288301'><img loading=\"lazy\" decoding=\"async\" width=\"1690\" height=\"2509\" src=\"https:\/\/archive.sana.sy\/es\/wp-content\/uploads\/2023\/02\/05-2.jpg\" class=\"attachment-full size-full\" alt=\"\" srcset=\"https:\/\/archive.sana.sy\/es\/wp-content\/uploads\/2023\/02\/05-2.jpg 1690w, https:\/\/archive.sana.sy\/es\/wp-content\/uploads\/2023\/02\/05-2-202x300.jpg 202w, https:\/\/archive.sana.sy\/es\/wp-content\/uploads\/2023\/02\/05-2-690x1024.jpg 690w, https:\/\/archive.sana.sy\/es\/wp-content\/uploads\/2023\/02\/05-2-101x150.jpg 101w, https:\/\/archive.sana.sy\/es\/wp-content\/uploads\/2023\/02\/05-2-768x1140.jpg 768w, https:\/\/archive.sana.sy\/es\/wp-content\/uploads\/2023\/02\/05-2-1035x1536.jpg 1035w, https:\/\/archive.sana.sy\/es\/wp-content\/uploads\/2023\/02\/05-2-1379x2048.jpg 1379w\" sizes=\"(max-width: 1690px) 100vw, 1690px\" \/><\/a>\n\t\t\t<\/div><\/figure><figure class='gallery-item'>\n\t\t\t<div class='gallery-icon landscape'>\n\t\t\t\t<a href='https:\/\/archive.sana.sy\/es\/?attachment_id=288304'><img loading=\"lazy\" decoding=\"async\" width=\"2560\" height=\"1769\" src=\"https:\/\/archive.sana.sy\/es\/wp-content\/uploads\/2023\/02\/DSC03019-1-scaled.jpg\" class=\"attachment-full size-full\" alt=\"\" srcset=\"https:\/\/archive.sana.sy\/es\/wp-content\/uploads\/2023\/02\/DSC03019-1-scaled.jpg 2560w, https:\/\/archive.sana.sy\/es\/wp-content\/uploads\/2023\/02\/DSC03019-1-300x207.jpg 300w, https:\/\/archive.sana.sy\/es\/wp-content\/uploads\/2023\/02\/DSC03019-1-1024x708.jpg 1024w, https:\/\/archive.sana.sy\/es\/wp-content\/uploads\/2023\/02\/DSC03019-1-150x104.jpg 150w, https:\/\/archive.sana.sy\/es\/wp-content\/uploads\/2023\/02\/DSC03019-1-768x531.jpg 768w, https:\/\/archive.sana.sy\/es\/wp-content\/uploads\/2023\/02\/DSC03019-1-1536x1061.jpg 1536w, https:\/\/archive.sana.sy\/es\/wp-content\/uploads\/2023\/02\/DSC03019-1-2048x1415.jpg 2048w, https:\/\/archive.sana.sy\/es\/wp-content\/uploads\/2023\/02\/DSC03019-1-110x75.jpg 110w\" sizes=\"(max-width: 2560px) 100vw, 2560px\" \/><\/a>\n\t\t\t<\/div><\/figure><figure class='gallery-item'>\n\t\t\t<div class='gallery-icon landscape'>\n\t\t\t\t<a href='https:\/\/archive.sana.sy\/es\/?attachment_id=288305'><img loading=\"lazy\" decoding=\"async\" width=\"2560\" height=\"1308\" src=\"https:\/\/archive.sana.sy\/es\/wp-content\/uploads\/2023\/02\/DSC03044-1-scaled.jpg\" class=\"attachment-full size-full\" alt=\"\" srcset=\"https:\/\/archive.sana.sy\/es\/wp-content\/uploads\/2023\/02\/DSC03044-1-scaled.jpg 2560w, https:\/\/archive.sana.sy\/es\/wp-content\/uploads\/2023\/02\/DSC03044-1-300x153.jpg 300w, https:\/\/archive.sana.sy\/es\/wp-content\/uploads\/2023\/02\/DSC03044-1-1024x523.jpg 1024w, https:\/\/archive.sana.sy\/es\/wp-content\/uploads\/2023\/02\/DSC03044-1-150x77.jpg 150w, https:\/\/archive.sana.sy\/es\/wp-content\/uploads\/2023\/02\/DSC03044-1-768x392.jpg 768w, https:\/\/archive.sana.sy\/es\/wp-content\/uploads\/2023\/02\/DSC03044-1-1536x785.jpg 1536w, https:\/\/archive.sana.sy\/es\/wp-content\/uploads\/2023\/02\/DSC03044-1-2048x1046.jpg 2048w\" sizes=\"(max-width: 2560px) 100vw, 2560px\" \/><\/a>\n\t\t\t<\/div><\/figure>\n\t\t<\/div>\n\n<div id='gallery-2' class='gallery galleryid-288286 gallery-columns-1 gallery-size-full'><figure class='gallery-item'>\n\t\t\t<div class='gallery-icon landscape'>\n\t\t\t\t<a href='https:\/\/archive.sana.sy\/es\/?attachment_id=288306'><img loading=\"lazy\" decoding=\"async\" width=\"1200\" height=\"800\" src=\"https:\/\/archive.sana.sy\/es\/wp-content\/uploads\/2023\/02\/photo_2023-02-20_19-58-32.jpg\" class=\"attachment-full size-full\" alt=\"\" srcset=\"https:\/\/archive.sana.sy\/es\/wp-content\/uploads\/2023\/02\/photo_2023-02-20_19-58-32.jpg 1200w, https:\/\/archive.sana.sy\/es\/wp-content\/uploads\/2023\/02\/photo_2023-02-20_19-58-32-300x200.jpg 300w, https:\/\/archive.sana.sy\/es\/wp-content\/uploads\/2023\/02\/photo_2023-02-20_19-58-32-1024x683.jpg 1024w, https:\/\/archive.sana.sy\/es\/wp-content\/uploads\/2023\/02\/photo_2023-02-20_19-58-32-150x100.jpg 150w, https:\/\/archive.sana.sy\/es\/wp-content\/uploads\/2023\/02\/photo_2023-02-20_19-58-32-768x512.jpg 768w\" sizes=\"(max-width: 1200px) 100vw, 1200px\" \/><\/a>\n\t\t\t<\/div><\/figure><figure class='gallery-item'>\n\t\t\t<div class='gallery-icon landscape'>\n\t\t\t\t<a href='https:\/\/archive.sana.sy\/es\/?attachment_id=288307'><img loading=\"lazy\" decoding=\"async\" width=\"1200\" height=\"800\" src=\"https:\/\/archive.sana.sy\/es\/wp-content\/uploads\/2023\/02\/photo_2023-02-20_19-58-34.jpg\" class=\"attachment-full size-full\" alt=\"\" srcset=\"https:\/\/archive.sana.sy\/es\/wp-content\/uploads\/2023\/02\/photo_2023-02-20_19-58-34.jpg 1200w, https:\/\/archive.sana.sy\/es\/wp-content\/uploads\/2023\/02\/photo_2023-02-20_19-58-34-300x200.jpg 300w, https:\/\/archive.sana.sy\/es\/wp-content\/uploads\/2023\/02\/photo_2023-02-20_19-58-34-1024x683.jpg 1024w, https:\/\/archive.sana.sy\/es\/wp-content\/uploads\/2023\/02\/photo_2023-02-20_19-58-34-150x100.jpg 150w, https:\/\/archive.sana.sy\/es\/wp-content\/uploads\/2023\/02\/photo_2023-02-20_19-58-34-768x512.jpg 768w\" sizes=\"(max-width: 1200px) 100vw, 1200px\" \/><\/a>\n\t\t\t<\/div><\/figure>\n\t\t<\/div>\n\n<p style=\"text-align: justify;\">mm\/sm<\/p>\n","protected":false},"excerpt":{"rendered":"<p>Damasco, 20 feb (SANA)\u00a0 El Presidente Bashar Al-Assad realiz\u00f3 hoy una visita de trabajo al Sultanato de Om\u00e1n, donde fue recibido en el aeropuerto privado real por su Majestad el Sult\u00e1n, Haitham bin Tariq. El presidente Bashar Al-Assad y el sult\u00e1n Haitham bin Tariq celebraron una sesi\u00f3n oficial de conversaciones en el Palacio de Al-Baraka &hellip;<\/p>\n","protected":false},"author":36,"featured_media":288287,"comment_status":"closed","ping_status":"closed","sticky":false,"template":"","format":"standard","meta":{"footnotes":""},"categories":[597,16237,467,583,626],"tags":[],"class_list":["post-288286","post","type-post","status-publish","format-standard","has-post-thumbnail","","category-cinta-de-noticias","category-presidence-de-la-republique-arabe-syria","category-siria-y-el-mundo","category-slide","category-sr-presidente"],"_links":{"self":[{"href":"https:\/\/archive.sana.sy\/es\/index.php?rest_route=\/wp\/v2\/posts\/288286"}],"collection":[{"href":"https:\/\/archive.sana.sy\/es\/index.php?rest_route=\/wp\/v2\/posts"}],"about":[{"href":"https:\/\/archive.sana.sy\/es\/index.php?rest_route=\/wp\/v2\/types\/post"}],"author":[{"embeddable":true,"href":"https:\/\/archive.sana.sy\/es\/index.php?rest_route=\/wp\/v2\/users\/36"}],"replies":[{"embeddable":true,"href":"https:\/\/archive.sana.sy\/es\/index.php?rest_route=%2Fwp%2Fv2%2Fcomments&post=288286"}],"version-history":[{"count":0,"href":"https:\/\/archive.sana.sy\/es\/index.php?rest_route=\/wp\/v2\/posts\/288286\/revisions"}],"wp:featuredmedia":[{"embeddable":true,"href":"https:\/\/archive.sana.sy\/es\/index.php?rest_route=\/wp\/v2\/media\/288287"}],"wp:attachment":[{"href":"https:\/\/archive.sana.sy\/es\/index.php?rest_route=%2Fwp%2Fv2%2Fmedia&parent=288286"}],"wp:term":[{"taxonomy":"category","embeddable":true,"href":"https:\/\/archive.sana.sy\/es\/index.php?rest_route=%2Fwp%2Fv2%2Fcategories&post=288286"},{"taxonomy":"post_tag","embeddable":true,"href":"https:\/\/archive.sana.sy\/es\/index.php?rest_route=%2Fwp%2Fv2%2Ftags&post=288286"}],"curies":[{"name":"wp","href":"https:\/\/api.w.org\/{rel}","templated":true}]}}