{"id":288314,"date":"2023-02-20T22:20:43","date_gmt":"2023-02-20T19:20:43","guid":{"rendered":"https:\/\/sana.sy\/es\/?p=288314"},"modified":"2023-02-20T22:20:43","modified_gmt":"2023-02-20T19:20:43","slug":"delegaciones-partidistas-y-diplomaticas-ofrecen-sus-condolencias-por-victimas-del-terremoto-en-la-embajada-siria-en-hungria","status":"publish","type":"post","link":"https:\/\/archive.sana.sy\/es\/?p=288314","title":{"rendered":"Delegaciones partidistas y diplom\u00e1ticas ofrecen sus condolencias por v\u00edctimas del terremoto en la Embajada siria en Hungr\u00eda"},"content":{"rendered":"<p style=\"text-align: justify;\"><span style=\"color: #800000;\"><strong>Budapest, 20 feb (SANA)<\/strong> <\/span>Los jefes y representantes de las misiones diplom\u00e1ticas acreditadas en Hungr\u00eda, as\u00ed como los eventos partidistas y populares locales, continuaron acudiendo a la sede de la Embajada siria en Budapest para ofrecer sus condolencias por las v\u00edctimas del terremoto.<\/p>\n<p style=\"text-align: justify;\">Las delegaciones afirmaron su solidaridad y apoyo al pueblo sirio para superar los efectos de esta cat\u00e1strofe humanitaria, y subrayaron la necesidad de brindar ayuda en todas sus formas a Siria y eliminar todos los obst\u00e1culos al respecto, incluidas las medidas coercitivas unilaterales impuestas contra esta naci\u00f3n.<\/p>\n<p style=\"text-align: justify;\">Las delegaciones visitantes incluyeron embajadores y representantes de las misiones diplom\u00e1ticas de Rusia, China, Cuba, Filipinas, Venezuela, Pakist\u00e1n, Bosnia y Herzegovina, T\u00fanez, Malasia, Egipto, Irak, Croacia, Palestina, Sud\u00e1frica, Austria, Bulgaria, Argelia, Polonia, Rep\u00fablica Checa, Emiratos \u00c1rabes Unidos, Brasil, Vietnam, Angola, Kazajst\u00e1n, Marruecos, Rumania, Laos y Yemen.<\/p>\n<p style=\"text-align: justify;\">Asimismo, las delegaciones denunciaron las sanciones estadounidenses y europeas impuestas al pueblo sirio, y llamaron a ejercer la presi\u00f3n necesaria para su inmediato levantamiento.<\/p>\n<p style=\"text-align: justify;\"><em><strong>ah<\/strong><\/em><\/p>\n","protected":false},"excerpt":{"rendered":"<p>Budapest, 20 feb (SANA) Los jefes y representantes de las misiones diplom\u00e1ticas acreditadas en Hungr\u00eda, as\u00ed como los eventos partidistas y populares locales, continuaron acudiendo a la sede de la Embajada siria en Budapest para ofrecer sus condolencias por las v\u00edctimas del terremoto. Las delegaciones afirmaron su solidaridad y apoyo al pueblo sirio para superar &hellip;<\/p>\n","protected":false},"author":30,"featured_media":288315,"comment_status":"closed","ping_status":"closed","sticky":false,"template":"","format":"standard","meta":{"footnotes":""},"categories":[597,20724,467],"tags":[],"class_list":["post-288314","post","type-post","status-publish","format-standard","has-post-thumbnail","","category-cinta-de-noticias","category-minuto-a-minuto","category-siria-y-el-mundo"],"_links":{"self":[{"href":"https:\/\/archive.sana.sy\/es\/index.php?rest_route=\/wp\/v2\/posts\/288314"}],"collection":[{"href":"https:\/\/archive.sana.sy\/es\/index.php?rest_route=\/wp\/v2\/posts"}],"about":[{"href":"https:\/\/archive.sana.sy\/es\/index.php?rest_route=\/wp\/v2\/types\/post"}],"author":[{"embeddable":true,"href":"https:\/\/archive.sana.sy\/es\/index.php?rest_route=\/wp\/v2\/users\/30"}],"replies":[{"embeddable":true,"href":"https:\/\/archive.sana.sy\/es\/index.php?rest_route=%2Fwp%2Fv2%2Fcomments&post=288314"}],"version-history":[{"count":0,"href":"https:\/\/archive.sana.sy\/es\/index.php?rest_route=\/wp\/v2\/posts\/288314\/revisions"}],"wp:featuredmedia":[{"embeddable":true,"href":"https:\/\/archive.sana.sy\/es\/index.php?rest_route=\/wp\/v2\/media\/288315"}],"wp:attachment":[{"href":"https:\/\/archive.sana.sy\/es\/index.php?rest_route=%2Fwp%2Fv2%2Fmedia&parent=288314"}],"wp:term":[{"taxonomy":"category","embeddable":true,"href":"https:\/\/archive.sana.sy\/es\/index.php?rest_route=%2Fwp%2Fv2%2Fcategories&post=288314"},{"taxonomy":"post_tag","embeddable":true,"href":"https:\/\/archive.sana.sy\/es\/index.php?rest_route=%2Fwp%2Fv2%2Ftags&post=288314"}],"curies":[{"name":"wp","href":"https:\/\/api.w.org\/{rel}","templated":true}]}}