{"id":288317,"date":"2023-02-20T23:33:30","date_gmt":"2023-02-20T20:33:30","guid":{"rendered":"https:\/\/sana.sy\/es\/?p=288317"},"modified":"2023-02-20T23:33:30","modified_gmt":"2023-02-20T20:33:30","slug":"cuales-seran-los-temas-clave-del-mensaje-de-putin-ante-la-asamblea-federal","status":"publish","type":"post","link":"https:\/\/archive.sana.sy\/es\/?p=288317","title":{"rendered":"\u00bfCu\u00e1les ser\u00e1n los temas clave del mensaje de Putin ante la Asamblea Federal?"},"content":{"rendered":"<p style=\"text-align: justify;\"><span style=\"color: #800000;\"><strong>Mosc\u00fa, 20 feb (SANA)<\/strong> <\/span>El presidente de Rusia, Vlad\u00edmir Putin, durante su discurso ante la Asamblea Federal evaluar\u00e1 la operaci\u00f3n militar especial y la situaci\u00f3n internacional, seg\u00fan cit\u00f3 Sputnik al portavoz del Kremlin, Dmitri Peskov.<\/p>\n<p style=\"text-align: justify;\">\u201cTodo el mundo espera el mensaje, para o\u00edr una evaluaci\u00f3n de lo que est\u00e1 ocurriendo, una evaluaci\u00f3n de la operaci\u00f3n militar especial, de la situaci\u00f3n internacional y la visi\u00f3n del presidente de c\u00f3mo Rusia la afrontar\u00e1 \u00a0y c\u00f3mo va \u00a0seguir su desarrollo\u201d, detall\u00f3 Peskov.<\/p>\n<p style=\"text-align: justify;\">Seg\u00fan el vocero del Kremlin, \u201cToda la vida de los rusos gira en torno a la operaci\u00f3n militar especial que afecta de una forma u otra su vida, y la vida en el continente\u201d.<\/p>\n<p style=\"text-align: justify;\">El portavoz tambi\u00e9n destac\u00f3 que Putin est\u00e1 prepar\u00e1ndose para el evento y no celebrar\u00e1 ning\u00fan acto p\u00fablico en v\u00edsperas de su mensaje ante la Asamblea Federal.<\/p>\n<p style=\"text-align: justify;\">Agreg\u00f3 que, adem\u00e1s de los diputados y senadores, tambi\u00e9n fueron invitados al discurso los participantes en la operaci\u00f3n militar especial y &#8220;muchos otros representantes&#8221;.<\/p>\n<p style=\"text-align: justify;\"><em><strong>ah<\/strong><\/em><\/p>\n","protected":false},"excerpt":{"rendered":"<p>Mosc\u00fa, 20 feb (SANA) El presidente de Rusia, Vlad\u00edmir Putin, durante su discurso ante la Asamblea Federal evaluar\u00e1 la operaci\u00f3n militar especial y la situaci\u00f3n internacional, seg\u00fan cit\u00f3 Sputnik al portavoz del Kremlin, Dmitri Peskov. \u201cTodo el mundo espera el mensaje, para o\u00edr una evaluaci\u00f3n de lo que est\u00e1 ocurriendo, una evaluaci\u00f3n de la operaci\u00f3n &hellip;<\/p>\n","protected":false},"author":30,"featured_media":288318,"comment_status":"closed","ping_status":"closed","sticky":false,"template":"","format":"standard","meta":{"footnotes":""},"categories":[456,16687,20724],"tags":[],"class_list":["post-288317","post","type-post","status-publish","format-standard","has-post-thumbnail","","category-arabe-internacional-politica","category-internacionales","category-minuto-a-minuto"],"_links":{"self":[{"href":"https:\/\/archive.sana.sy\/es\/index.php?rest_route=\/wp\/v2\/posts\/288317"}],"collection":[{"href":"https:\/\/archive.sana.sy\/es\/index.php?rest_route=\/wp\/v2\/posts"}],"about":[{"href":"https:\/\/archive.sana.sy\/es\/index.php?rest_route=\/wp\/v2\/types\/post"}],"author":[{"embeddable":true,"href":"https:\/\/archive.sana.sy\/es\/index.php?rest_route=\/wp\/v2\/users\/30"}],"replies":[{"embeddable":true,"href":"https:\/\/archive.sana.sy\/es\/index.php?rest_route=%2Fwp%2Fv2%2Fcomments&post=288317"}],"version-history":[{"count":0,"href":"https:\/\/archive.sana.sy\/es\/index.php?rest_route=\/wp\/v2\/posts\/288317\/revisions"}],"wp:featuredmedia":[{"embeddable":true,"href":"https:\/\/archive.sana.sy\/es\/index.php?rest_route=\/wp\/v2\/media\/288318"}],"wp:attachment":[{"href":"https:\/\/archive.sana.sy\/es\/index.php?rest_route=%2Fwp%2Fv2%2Fmedia&parent=288317"}],"wp:term":[{"taxonomy":"category","embeddable":true,"href":"https:\/\/archive.sana.sy\/es\/index.php?rest_route=%2Fwp%2Fv2%2Fcategories&post=288317"},{"taxonomy":"post_tag","embeddable":true,"href":"https:\/\/archive.sana.sy\/es\/index.php?rest_route=%2Fwp%2Fv2%2Ftags&post=288317"}],"curies":[{"name":"wp","href":"https:\/\/api.w.org\/{rel}","templated":true}]}}