{"id":288320,"date":"2023-02-20T23:48:21","date_gmt":"2023-02-20T20:48:21","guid":{"rendered":"https:\/\/sana.sy\/es\/?p=288320"},"modified":"2023-02-20T23:48:21","modified_gmt":"2023-02-20T20:48:21","slug":"negociaciones-sirio-iraquies-en-el-ambito-del-comercio-y-la-cooperacion-economica","status":"publish","type":"post","link":"https:\/\/archive.sana.sy\/es\/?p=288320","title":{"rendered":"Negociaciones sirio-iraqu\u00edes en el \u00e1mbito del comercio y la cooperaci\u00f3n econ\u00f3mica"},"content":{"rendered":"<p style=\"text-align: justify;\"><span style=\"color: #800000;\"><strong>Bagdad, 20 feb (SANA)<\/strong> <\/span>El ministro de Comercio iraqu\u00ed, Atheer Al-Ghurairi, examin\u00f3 con el embajador de Siria en Bagdad, Sattam Al-Dandah, las v\u00edas de ampliar la cooperaci\u00f3n entre los dos pa\u00edses hermanos en los campos de la econom\u00eda, el comercio y la inversi\u00f3n.<\/p>\n<p style=\"text-align: justify;\">Durante la reuni\u00f3n, Al-Ghurairi enfatiz\u00f3 la orientaci\u00f3n del gobierno iraqu\u00ed hacia la apertura y el apoyo a la cooperaci\u00f3n econ\u00f3mica con Siria, debido a la demanda de la industria y el producto sirio por el consumidor iraqu\u00ed, as\u00ed como la apertura de nuevos canales de comunicaci\u00f3n que sirven a intereses comunes, incluido el establecimiento de ciudades industriales.<\/p>\n<p style=\"text-align: justify;\">\u201cIrak y Siria disfrutan de relaciones centrales a lo largo de los siglos, y es necesario trabajar durante el pr\u00f3ximo per\u00edodo para fortalecer los marcos de estas relaciones bilaterales en todos los campos, a fin de elevarse al nivel de relaciones fraternales hist\u00f3ricas que unen a los dos pueblos hermanos\u201d, resalt\u00f3 el Titular iraqu\u00ed.<\/p>\n<p style=\"text-align: justify;\">Por su parte, el Embajador Al-Dandah expres\u00f3 su agradecimiento y aprecio al gobierno y al pueblo de Irak por la posici\u00f3n humanitaria hacia sus hermanos en Siria al proporcionar asistencia urgente y enviar convoyes, equipos de rescate y maquinarias para mitigar las secuelas del terremoto.<\/p>\n<p style=\"text-align: justify;\"><em><strong>\u0634\u0627<\/strong><\/em><\/p>\n<p style=\"text-align: justify;\">\n","protected":false},"excerpt":{"rendered":"<p>Bagdad, 20 feb (SANA) El ministro de Comercio iraqu\u00ed, Atheer Al-Ghurairi, examin\u00f3 con el embajador de Siria en Bagdad, Sattam Al-Dandah, las v\u00edas de ampliar la cooperaci\u00f3n entre los dos pa\u00edses hermanos en los campos de la econom\u00eda, el comercio y la inversi\u00f3n. Durante la reuni\u00f3n, Al-Ghurairi enfatiz\u00f3 la orientaci\u00f3n del gobierno iraqu\u00ed hacia la &hellip;<\/p>\n","protected":false},"author":30,"featured_media":288321,"comment_status":"closed","ping_status":"closed","sticky":false,"template":"","format":"standard","meta":{"footnotes":""},"categories":[597,16686,483,485,20724],"tags":[],"class_list":["post-288320","post","type-post","status-publish","format-standard","has-post-thumbnail","","category-cinta-de-noticias","category-economia","category-negocios-y-finanzas","category-informes-negocios-y-finanzas","category-minuto-a-minuto"],"_links":{"self":[{"href":"https:\/\/archive.sana.sy\/es\/index.php?rest_route=\/wp\/v2\/posts\/288320"}],"collection":[{"href":"https:\/\/archive.sana.sy\/es\/index.php?rest_route=\/wp\/v2\/posts"}],"about":[{"href":"https:\/\/archive.sana.sy\/es\/index.php?rest_route=\/wp\/v2\/types\/post"}],"author":[{"embeddable":true,"href":"https:\/\/archive.sana.sy\/es\/index.php?rest_route=\/wp\/v2\/users\/30"}],"replies":[{"embeddable":true,"href":"https:\/\/archive.sana.sy\/es\/index.php?rest_route=%2Fwp%2Fv2%2Fcomments&post=288320"}],"version-history":[{"count":0,"href":"https:\/\/archive.sana.sy\/es\/index.php?rest_route=\/wp\/v2\/posts\/288320\/revisions"}],"wp:featuredmedia":[{"embeddable":true,"href":"https:\/\/archive.sana.sy\/es\/index.php?rest_route=\/wp\/v2\/media\/288321"}],"wp:attachment":[{"href":"https:\/\/archive.sana.sy\/es\/index.php?rest_route=%2Fwp%2Fv2%2Fmedia&parent=288320"}],"wp:term":[{"taxonomy":"category","embeddable":true,"href":"https:\/\/archive.sana.sy\/es\/index.php?rest_route=%2Fwp%2Fv2%2Fcategories&post=288320"},{"taxonomy":"post_tag","embeddable":true,"href":"https:\/\/archive.sana.sy\/es\/index.php?rest_route=%2Fwp%2Fv2%2Ftags&post=288320"}],"curies":[{"name":"wp","href":"https:\/\/api.w.org\/{rel}","templated":true}]}}