{"id":288323,"date":"2023-02-21T00:07:08","date_gmt":"2023-02-20T21:07:08","guid":{"rendered":"https:\/\/sana.sy\/es\/?p=288323"},"modified":"2023-02-21T00:10:30","modified_gmt":"2023-02-20T21:10:30","slug":"centro-sismologico-nacional-un-terremoto-con-una-magnitud-de-6-en-la-escala-de-richter-en-alejandreta","status":"publish","type":"post","link":"https:\/\/archive.sana.sy\/es\/?p=288323","title":{"rendered":"Un terremoto con una magnitud de 6 Richter sacude Alejandreta"},"content":{"rendered":"<p style=\"text-align: justify;\"><span style=\"color: #800000;\"><strong>Damasco, 20 feb (SANA)<\/strong><\/span> Un terremoto de magnitud 6 en la escala de Richter sacudi\u00f3 Alejandreta, a 52 km al oeste de la provincia norte\u00f1a de Idlib y a una profundidad de 21,2 km, a las 20:04 hora local, seg\u00fan inform\u00f3 el Centro Sismol\u00f3gico Nacional.<\/p>\n<p style=\"text-align: justify;\">El director general del centro, Raed Ahmed, afirm\u00f3 a SANA que este sismo es una de las r\u00e9plicas del terremoto que azot\u00f3 el pa\u00eds el seis del mes en curso.<\/p>\n<p style=\"text-align: justify;\">\u201cLas r\u00e9plicas del devastador terremoto no han parado hasta el momento\u201d , agreg\u00f3 el geol\u00f3gico.<\/p>\n<p style=\"text-align: justify;\">Asimismo, resalt\u00f3 que es probable que estas r\u00e9plicas contin\u00faen durante mucho tiempo como resultado de la gran energ\u00eda del terremoto principal, que llev\u00f3 a la inducci\u00f3n de todas las fallas.<\/p>\n<p style=\"text-align: justify;\"><em><strong>ah<\/strong><\/em><\/p>\n","protected":false},"excerpt":{"rendered":"<p>Damasco, 20 feb (SANA) Un terremoto de magnitud 6 en la escala de Richter sacudi\u00f3 Alejandreta, a 52 km al oeste de la provincia norte\u00f1a de Idlib y a una profundidad de 21,2 km, a las 20:04 hora local, seg\u00fan inform\u00f3 el Centro Sismol\u00f3gico Nacional. El director general del centro, Raed Ahmed, afirm\u00f3 a SANA &hellip;<\/p>\n","protected":false},"author":30,"featured_media":288324,"comment_status":"closed","ping_status":"closed","sticky":false,"template":"","format":"standard","meta":{"footnotes":""},"categories":[597,20724,476,7541],"tags":[],"class_list":["post-288323","post","type-post","status-publish","format-standard","has-post-thumbnail","","category-cinta-de-noticias","category-minuto-a-minuto","category-locales","category-ultimas-noticias"],"_links":{"self":[{"href":"https:\/\/archive.sana.sy\/es\/index.php?rest_route=\/wp\/v2\/posts\/288323"}],"collection":[{"href":"https:\/\/archive.sana.sy\/es\/index.php?rest_route=\/wp\/v2\/posts"}],"about":[{"href":"https:\/\/archive.sana.sy\/es\/index.php?rest_route=\/wp\/v2\/types\/post"}],"author":[{"embeddable":true,"href":"https:\/\/archive.sana.sy\/es\/index.php?rest_route=\/wp\/v2\/users\/30"}],"replies":[{"embeddable":true,"href":"https:\/\/archive.sana.sy\/es\/index.php?rest_route=%2Fwp%2Fv2%2Fcomments&post=288323"}],"version-history":[{"count":0,"href":"https:\/\/archive.sana.sy\/es\/index.php?rest_route=\/wp\/v2\/posts\/288323\/revisions"}],"wp:featuredmedia":[{"embeddable":true,"href":"https:\/\/archive.sana.sy\/es\/index.php?rest_route=\/wp\/v2\/media\/288324"}],"wp:attachment":[{"href":"https:\/\/archive.sana.sy\/es\/index.php?rest_route=%2Fwp%2Fv2%2Fmedia&parent=288323"}],"wp:term":[{"taxonomy":"category","embeddable":true,"href":"https:\/\/archive.sana.sy\/es\/index.php?rest_route=%2Fwp%2Fv2%2Fcategories&post=288323"},{"taxonomy":"post_tag","embeddable":true,"href":"https:\/\/archive.sana.sy\/es\/index.php?rest_route=%2Fwp%2Fv2%2Ftags&post=288323"}],"curies":[{"name":"wp","href":"https:\/\/api.w.org\/{rel}","templated":true}]}}