{"id":288351,"date":"2023-02-21T10:36:32","date_gmt":"2023-02-21T07:36:32","guid":{"rendered":"https:\/\/sana.sy\/es\/?p=288351"},"modified":"2023-02-21T10:36:32","modified_gmt":"2023-02-21T07:36:32","slug":"liz-truss-propone-una-otan-economica","status":"publish","type":"post","link":"https:\/\/archive.sana.sy\/es\/?p=288351","title":{"rendered":"Liz Truss propone una &#8220;OTAN econ\u00f3mica&#8221;"},"content":{"rendered":"<p style=\"text-align: justify;\"><span style=\"color: #800000;\"><strong>Londres, 20 febn (SANA)\u00a0<\/strong> <\/span>Los pa\u00edses &#8220;democr\u00e1ticos&#8221; est\u00e1n en peligro por el auge de China, por lo que se debe crear una &#8220;OTAN econ\u00f3mica&#8221; para defenderse de los &#8220;reg\u00edmenes autocr\u00e1ticos&#8221;, dijo la ex primera ministra del Reino Unido Liz Truss, citada por The Times.<\/p>\n<p style=\"text-align: justify;\">&#8220;Me gustar\u00eda ver una alianza de defensa del Pac\u00edfico m\u00e1s desarrollada y una cooperaci\u00f3n a\u00fan m\u00e1s estrecha entre la OTAN y nuestros aliados del Pac\u00edfico&#8221;, demand\u00f3 la exdirigente brit\u00e1nica.<\/p>\n<p style=\"text-align: justify;\">A su vez, el portavoz del Ministerio de Asuntos Exteriores chino, Wang Wenbing, coment\u00f3 que el gigante asi\u00e1tico &#8220;siempre ha sido un constructor de la paz mundial, un contribuyente al desarrollo global y un defensor del orden mundial&#8221;.<\/p>\n<p style=\"text-align: justify;\"><strong>fm\/as<\/strong><\/p>\n","protected":false},"excerpt":{"rendered":"<p>Londres, 20 febn (SANA)\u00a0 Los pa\u00edses &#8220;democr\u00e1ticos&#8221; est\u00e1n en peligro por el auge de China, por lo que se debe crear una &#8220;OTAN econ\u00f3mica&#8221; para defenderse de los &#8220;reg\u00edmenes autocr\u00e1ticos&#8221;, dijo la ex primera ministra del Reino Unido Liz Truss, citada por The Times. &#8220;Me gustar\u00eda ver una alianza de defensa del Pac\u00edfico m\u00e1s desarrollada &hellip;<\/p>\n","protected":false},"author":35,"featured_media":288352,"comment_status":"closed","ping_status":"closed","sticky":false,"template":"","format":"standard","meta":{"footnotes":""},"categories":[597,456,16687,20724,7541],"tags":[],"class_list":["post-288351","post","type-post","status-publish","format-standard","has-post-thumbnail","","category-cinta-de-noticias","category-arabe-internacional-politica","category-internacionales","category-minuto-a-minuto","category-ultimas-noticias"],"_links":{"self":[{"href":"https:\/\/archive.sana.sy\/es\/index.php?rest_route=\/wp\/v2\/posts\/288351"}],"collection":[{"href":"https:\/\/archive.sana.sy\/es\/index.php?rest_route=\/wp\/v2\/posts"}],"about":[{"href":"https:\/\/archive.sana.sy\/es\/index.php?rest_route=\/wp\/v2\/types\/post"}],"author":[{"embeddable":true,"href":"https:\/\/archive.sana.sy\/es\/index.php?rest_route=\/wp\/v2\/users\/35"}],"replies":[{"embeddable":true,"href":"https:\/\/archive.sana.sy\/es\/index.php?rest_route=%2Fwp%2Fv2%2Fcomments&post=288351"}],"version-history":[{"count":0,"href":"https:\/\/archive.sana.sy\/es\/index.php?rest_route=\/wp\/v2\/posts\/288351\/revisions"}],"wp:featuredmedia":[{"embeddable":true,"href":"https:\/\/archive.sana.sy\/es\/index.php?rest_route=\/wp\/v2\/media\/288352"}],"wp:attachment":[{"href":"https:\/\/archive.sana.sy\/es\/index.php?rest_route=%2Fwp%2Fv2%2Fmedia&parent=288351"}],"wp:term":[{"taxonomy":"category","embeddable":true,"href":"https:\/\/archive.sana.sy\/es\/index.php?rest_route=%2Fwp%2Fv2%2Fcategories&post=288351"},{"taxonomy":"post_tag","embeddable":true,"href":"https:\/\/archive.sana.sy\/es\/index.php?rest_route=%2Fwp%2Fv2%2Ftags&post=288351"}],"curies":[{"name":"wp","href":"https:\/\/api.w.org\/{rel}","templated":true}]}}