{"id":288354,"date":"2023-02-21T11:51:50","date_gmt":"2023-02-21T08:51:50","guid":{"rendered":"https:\/\/sana.sy\/es\/?p=288354"},"modified":"2023-02-21T11:51:50","modified_gmt":"2023-02-21T08:51:50","slug":"al-menos-40-muertos-por-las-fuertes-lluvias-y-deslaves-en-brasil","status":"publish","type":"post","link":"https:\/\/archive.sana.sy\/es\/?p=288354","title":{"rendered":"Al menos 40 muertos por las fuertes lluvias y deslaves en Brasil"},"content":{"rendered":"<p style=\"text-align: justify;\"><span style=\"color: #800000;\"><strong>Brasilia, 21 feb (SANA)<\/strong>\u00a0<\/span> Al menos 40 personas perdieron su vida por las intensas lluvias que azotaron el estado brasile\u00f1o de S\u00e3o Paulo y provocaron graves inundaciones y deslizamientos de tierra.<\/p>\n<p>Un deslizamiento de tierra arras\u00f3 con una 50 de viviendas en la ciudad de S\u00e3o Sebasti\u00e3o, ubicada a unos 200 km de S\u00e3o Paulo, inform\u00f3 AFP.<\/p>\n<p>Las im\u00e1genes transmitidas por los canales de televisi\u00f3n locales en Brasil mostraron barrios enteros inundados, casas destruidas por deslaves y los \u00e1rboles y postes de electricidad cayeron sobre los autos.<\/p>\n<p>Las autoridades brasile\u00f1as declararon estado de emergencia en cinco ciudades costeras.<\/p>\n<p style=\"text-align: justify;\"><em><strong>ws\/fm<\/strong><\/em><\/p>\n","protected":false},"excerpt":{"rendered":"<p>Brasilia, 21 feb (SANA)\u00a0 Al menos 40 personas perdieron su vida por las intensas lluvias que azotaron el estado brasile\u00f1o de S\u00e3o Paulo y provocaron graves inundaciones y deslizamientos de tierra. Un deslizamiento de tierra arras\u00f3 con una 50 de viviendas en la ciudad de S\u00e3o Sebasti\u00e3o, ubicada a unos 200 km de S\u00e3o Paulo, &hellip;<\/p>\n","protected":false},"author":35,"featured_media":288355,"comment_status":"closed","ping_status":"closed","sticky":false,"template":"","format":"standard","meta":{"footnotes":""},"categories":[597,456,16687,20724,7541],"tags":[],"class_list":["post-288354","post","type-post","status-publish","format-standard","has-post-thumbnail","","category-cinta-de-noticias","category-arabe-internacional-politica","category-internacionales","category-minuto-a-minuto","category-ultimas-noticias"],"_links":{"self":[{"href":"https:\/\/archive.sana.sy\/es\/index.php?rest_route=\/wp\/v2\/posts\/288354"}],"collection":[{"href":"https:\/\/archive.sana.sy\/es\/index.php?rest_route=\/wp\/v2\/posts"}],"about":[{"href":"https:\/\/archive.sana.sy\/es\/index.php?rest_route=\/wp\/v2\/types\/post"}],"author":[{"embeddable":true,"href":"https:\/\/archive.sana.sy\/es\/index.php?rest_route=\/wp\/v2\/users\/35"}],"replies":[{"embeddable":true,"href":"https:\/\/archive.sana.sy\/es\/index.php?rest_route=%2Fwp%2Fv2%2Fcomments&post=288354"}],"version-history":[{"count":0,"href":"https:\/\/archive.sana.sy\/es\/index.php?rest_route=\/wp\/v2\/posts\/288354\/revisions"}],"wp:featuredmedia":[{"embeddable":true,"href":"https:\/\/archive.sana.sy\/es\/index.php?rest_route=\/wp\/v2\/media\/288355"}],"wp:attachment":[{"href":"https:\/\/archive.sana.sy\/es\/index.php?rest_route=%2Fwp%2Fv2%2Fmedia&parent=288354"}],"wp:term":[{"taxonomy":"category","embeddable":true,"href":"https:\/\/archive.sana.sy\/es\/index.php?rest_route=%2Fwp%2Fv2%2Fcategories&post=288354"},{"taxonomy":"post_tag","embeddable":true,"href":"https:\/\/archive.sana.sy\/es\/index.php?rest_route=%2Fwp%2Fv2%2Ftags&post=288354"}],"curies":[{"name":"wp","href":"https:\/\/api.w.org\/{rel}","templated":true}]}}