{"id":288369,"date":"2023-02-21T12:41:19","date_gmt":"2023-02-21T09:41:19","guid":{"rendered":"http:\/\/107.6.182.27\/es\/?p=288369"},"modified":"2023-02-21T12:41:19","modified_gmt":"2023-02-21T09:41:19","slug":"ataque-con-bomba-deja-una-persona-herida-en-el-sur-de-siria","status":"publish","type":"post","link":"https:\/\/archive.sana.sy\/es\/?p=288369","title":{"rendered":"Ataque con bomba deja una persona herida en el sur de Siria"},"content":{"rendered":"<blockquote>\n<p style=\"text-align: justify;\"><span style=\"color: #000000;\"><em><strong>Una fuente del Departamento provincial de Salud inform\u00f3 a SANA que una ambulancia acudi\u00f3 al lugar y traslad\u00f3 al herido al Hospital de Deraa, mientras los bomberos extinguieron de inmediato el fuego en el autom\u00f3vil de la v\u00edctima.<\/strong><\/em><\/span><\/p>\n<\/blockquote>\n<p style=\"text-align: justify;\"><span style=\"color: #800000;\"><strong>Deraa, 21 feb (SANA)<\/strong> <\/span>Una persona sufri\u00f3 lesiones hoy por la explosi\u00f3n de una bomba en su autom\u00f3vil, en el barrio Al-Matar en la ciudad de Deraa, capital de la provincia del mismo nombre, ubicada a unos 120 kil\u00f3metros al sur de la capital Damasco.<\/p>\n<p style=\"text-align: justify;\">Una fuente del Departamento provincial de Salud inform\u00f3 a SANA que una ambulancia acudi\u00f3 al lugar y traslad\u00f3 al herido al Hospital de Deraa, mientras los bomberos extinguieron de inmediato el fuego en el autom\u00f3vil de la v\u00edctima.<\/p>\n<p style=\"text-align: justify;\">El pasado domingo, el Ministerio de Defensa anunci\u00f3 que los zapadores detectaron y desactivaron un coche bomba que los terroristas hab\u00edan habilitado con 100 kilogramos de TNT, minas antitanques y un proyectil de artiller\u00eda, en el barrio Kashef.<\/p>\n<p style=\"text-align: justify;\">fm\/as<\/p>\n","protected":false},"excerpt":{"rendered":"<p>Una fuente del Departamento provincial de Salud inform\u00f3 a SANA que una ambulancia acudi\u00f3 al lugar y traslad\u00f3 al herido al Hospital de Deraa, mientras los bomberos extinguieron de inmediato el fuego en el autom\u00f3vil de la v\u00edctima. Deraa, 21 feb (SANA) Una persona sufri\u00f3 lesiones hoy por la explosi\u00f3n de una bomba en su &hellip;<\/p>\n","protected":false},"author":42,"featured_media":288370,"comment_status":"closed","ping_status":"closed","sticky":false,"template":"","format":"standard","meta":{"footnotes":""},"categories":[597,20724,476,7541],"tags":[],"class_list":["post-288369","post","type-post","status-publish","format-standard","has-post-thumbnail","","category-cinta-de-noticias","category-minuto-a-minuto","category-locales","category-ultimas-noticias"],"_links":{"self":[{"href":"https:\/\/archive.sana.sy\/es\/index.php?rest_route=\/wp\/v2\/posts\/288369"}],"collection":[{"href":"https:\/\/archive.sana.sy\/es\/index.php?rest_route=\/wp\/v2\/posts"}],"about":[{"href":"https:\/\/archive.sana.sy\/es\/index.php?rest_route=\/wp\/v2\/types\/post"}],"author":[{"embeddable":true,"href":"https:\/\/archive.sana.sy\/es\/index.php?rest_route=\/wp\/v2\/users\/42"}],"replies":[{"embeddable":true,"href":"https:\/\/archive.sana.sy\/es\/index.php?rest_route=%2Fwp%2Fv2%2Fcomments&post=288369"}],"version-history":[{"count":0,"href":"https:\/\/archive.sana.sy\/es\/index.php?rest_route=\/wp\/v2\/posts\/288369\/revisions"}],"wp:featuredmedia":[{"embeddable":true,"href":"https:\/\/archive.sana.sy\/es\/index.php?rest_route=\/wp\/v2\/media\/288370"}],"wp:attachment":[{"href":"https:\/\/archive.sana.sy\/es\/index.php?rest_route=%2Fwp%2Fv2%2Fmedia&parent=288369"}],"wp:term":[{"taxonomy":"category","embeddable":true,"href":"https:\/\/archive.sana.sy\/es\/index.php?rest_route=%2Fwp%2Fv2%2Fcategories&post=288369"},{"taxonomy":"post_tag","embeddable":true,"href":"https:\/\/archive.sana.sy\/es\/index.php?rest_route=%2Fwp%2Fv2%2Ftags&post=288369"}],"curies":[{"name":"wp","href":"https:\/\/api.w.org\/{rel}","templated":true}]}}