{"id":288400,"date":"2023-02-21T18:24:52","date_gmt":"2023-02-21T15:24:52","guid":{"rendered":"https:\/\/sana.sy\/es\/?p=288400"},"modified":"2023-02-21T19:43:53","modified_gmt":"2023-02-21T16:43:53","slug":"eau-enviara-un-equipo-de-medicos-e-ingenieros-para-ayudar-a-los-sirios-a-superar-las-repercusiones-de-la-catastrofe","status":"publish","type":"post","link":"https:\/\/archive.sana.sy\/es\/?p=288400","title":{"rendered":"EAU\u00a0enviar\u00e1 un equipo de m\u00e9dicos e ingenieros para ayudar a Siria a superar repercusiones de la cat\u00e1strofe natural"},"content":{"rendered":"<p style=\"text-align: justify\"><span style=\"color: #800000\"><strong>Latakia, 21 feb (SANA)<\/strong><\/span> El ministro de Salud y Protecci\u00f3n Comunitaria emirat\u00ed, Abdul Rahman bin Muhammad Al Owais, reiter\u00f3 la continuaci\u00f3n del apoyo brindado por su pa\u00eds los hermanos en Siria, especialmente en el sector m\u00e9dico, para enfrentar las repercusiones del terremoto.<\/p>\n<p style=\"text-align: justify\">Esta postura fue declarada luego de una gira que realiz\u00f3 el ministro Al Owais junto con su par sirio, Dr. Hassan Al-Ghobash, y el gobernador de Latakia, Amer Hilal, en algunos sitios afectados por el desastre natural en la ciudad de Jableh.<\/p>\n<p style=\"text-align: justify\">\u201cNosotros y el pueblo sirio somos un solo pueblo, y la ayuda continuar\u00e1 a los hermanos en Siria\u201d, recalc\u00f3.<\/p>\n<p style=\"text-align: justify\">En declaraciones a la prensa, anunci\u00f3 la formaci\u00f3n de un equipo emirat\u00ed de m\u00e9dicos, ingenieros y t\u00e9cnicos especializados en servicios de salud para examinar la situaci\u00f3n actual y apoyar a los hermanos sirios con todos los medios posibles, no solo en esta etapa, sino tambi\u00e9n en las pr\u00f3ximas.<\/p>\n<p style=\"text-align: justify\">\u201cEl desastre del terremoto representa un desaf\u00edo no solo para Siria, sino para toda la humanidad\u2026\u2026\u2026Esperamos ver una posici\u00f3n unificada frente a este gran desaf\u00edo a nivel mundial\u201d, asever\u00f3.<\/p>\n<p style=\"text-align: justify\">Hoy temprano, el titular de Salud de los Emiratos \u00c1rabes Unidos lleg\u00f3 al Aeropuerto Internacional de Latakia, acompa\u00f1ado por una delegaci\u00f3n m\u00e9dica a bordo de un avi\u00f3n cargado con 46 toneladas de ayuda humanitaria destinada a los afectados por el terremoto.<\/p>\n<div id='gallery-1' class='gallery galleryid-288400 gallery-columns-1 gallery-size-full'><figure class='gallery-item'>\n\t\t\t<div class='gallery-icon landscape'>\n\t\t\t\t<a href='https:\/\/archive.sana.sy\/es\/wp-content\/uploads\/2023\/02\/ministros-de-salud-1.jpg'><img loading=\"lazy\" decoding=\"async\" width=\"660\" height=\"440\" src=\"https:\/\/archive.sana.sy\/es\/wp-content\/uploads\/2023\/02\/ministros-de-salud-1.jpg\" class=\"attachment-full size-full\" alt=\"\" srcset=\"https:\/\/archive.sana.sy\/es\/wp-content\/uploads\/2023\/02\/ministros-de-salud-1.jpg 660w, https:\/\/archive.sana.sy\/es\/wp-content\/uploads\/2023\/02\/ministros-de-salud-1-300x200.jpg 300w, https:\/\/archive.sana.sy\/es\/wp-content\/uploads\/2023\/02\/ministros-de-salud-1-150x100.jpg 150w\" sizes=\"(max-width: 660px) 100vw, 660px\" \/><\/a>\n\t\t\t<\/div><\/figure><figure class='gallery-item'>\n\t\t\t<div class='gallery-icon landscape'>\n\t\t\t\t<a href='https:\/\/archive.sana.sy\/es\/wp-content\/uploads\/2023\/02\/ministros-de-salud-2.jpg'><img loading=\"lazy\" decoding=\"async\" width=\"660\" height=\"440\" src=\"https:\/\/archive.sana.sy\/es\/wp-content\/uploads\/2023\/02\/ministros-de-salud-2.jpg\" class=\"attachment-full size-full\" alt=\"\" srcset=\"https:\/\/archive.sana.sy\/es\/wp-content\/uploads\/2023\/02\/ministros-de-salud-2.jpg 660w, https:\/\/archive.sana.sy\/es\/wp-content\/uploads\/2023\/02\/ministros-de-salud-2-300x200.jpg 300w, https:\/\/archive.sana.sy\/es\/wp-content\/uploads\/2023\/02\/ministros-de-salud-2-150x100.jpg 150w\" sizes=\"(max-width: 660px) 100vw, 660px\" \/><\/a>\n\t\t\t<\/div><\/figure><figure class='gallery-item'>\n\t\t\t<div class='gallery-icon landscape'>\n\t\t\t\t<a href='https:\/\/archive.sana.sy\/es\/wp-content\/uploads\/2023\/02\/ministros-de-salud-3.jpg'><img loading=\"lazy\" decoding=\"async\" width=\"660\" height=\"440\" src=\"https:\/\/archive.sana.sy\/es\/wp-content\/uploads\/2023\/02\/ministros-de-salud-3.jpg\" class=\"attachment-full size-full\" alt=\"\" srcset=\"https:\/\/archive.sana.sy\/es\/wp-content\/uploads\/2023\/02\/ministros-de-salud-3.jpg 660w, https:\/\/archive.sana.sy\/es\/wp-content\/uploads\/2023\/02\/ministros-de-salud-3-300x200.jpg 300w, https:\/\/archive.sana.sy\/es\/wp-content\/uploads\/2023\/02\/ministros-de-salud-3-150x100.jpg 150w\" sizes=\"(max-width: 660px) 100vw, 660px\" \/><\/a>\n\t\t\t<\/div><\/figure><figure class='gallery-item'>\n\t\t\t<div class='gallery-icon landscape'>\n\t\t\t\t<a href='https:\/\/archive.sana.sy\/es\/wp-content\/uploads\/2023\/02\/ministros-de-salud-5.jpg'><img loading=\"lazy\" decoding=\"async\" width=\"660\" height=\"440\" src=\"https:\/\/archive.sana.sy\/es\/wp-content\/uploads\/2023\/02\/ministros-de-salud-5.jpg\" class=\"attachment-full size-full\" alt=\"\" srcset=\"https:\/\/archive.sana.sy\/es\/wp-content\/uploads\/2023\/02\/ministros-de-salud-5.jpg 660w, https:\/\/archive.sana.sy\/es\/wp-content\/uploads\/2023\/02\/ministros-de-salud-5-300x200.jpg 300w, https:\/\/archive.sana.sy\/es\/wp-content\/uploads\/2023\/02\/ministros-de-salud-5-150x100.jpg 150w\" sizes=\"(max-width: 660px) 100vw, 660px\" \/><\/a>\n\t\t\t<\/div><\/figure><figure class='gallery-item'>\n\t\t\t<div class='gallery-icon landscape'>\n\t\t\t\t<a href='https:\/\/archive.sana.sy\/es\/wp-content\/uploads\/2023\/02\/ministros-de-salud-6.jpg'><img loading=\"lazy\" decoding=\"async\" width=\"660\" height=\"440\" src=\"https:\/\/archive.sana.sy\/es\/wp-content\/uploads\/2023\/02\/ministros-de-salud-6.jpg\" class=\"attachment-full size-full\" alt=\"\" srcset=\"https:\/\/archive.sana.sy\/es\/wp-content\/uploads\/2023\/02\/ministros-de-salud-6.jpg 660w, https:\/\/archive.sana.sy\/es\/wp-content\/uploads\/2023\/02\/ministros-de-salud-6-300x200.jpg 300w, https:\/\/archive.sana.sy\/es\/wp-content\/uploads\/2023\/02\/ministros-de-salud-6-150x100.jpg 150w\" sizes=\"(max-width: 660px) 100vw, 660px\" \/><\/a>\n\t\t\t<\/div><\/figure><figure class='gallery-item'>\n\t\t\t<div class='gallery-icon landscape'>\n\t\t\t\t<a href='https:\/\/archive.sana.sy\/es\/wp-content\/uploads\/2023\/02\/ministros-de-salud-7.jpg'><img loading=\"lazy\" decoding=\"async\" width=\"660\" height=\"440\" src=\"https:\/\/archive.sana.sy\/es\/wp-content\/uploads\/2023\/02\/ministros-de-salud-7.jpg\" class=\"attachment-full size-full\" alt=\"\" srcset=\"https:\/\/archive.sana.sy\/es\/wp-content\/uploads\/2023\/02\/ministros-de-salud-7.jpg 660w, https:\/\/archive.sana.sy\/es\/wp-content\/uploads\/2023\/02\/ministros-de-salud-7-300x200.jpg 300w, https:\/\/archive.sana.sy\/es\/wp-content\/uploads\/2023\/02\/ministros-de-salud-7-150x100.jpg 150w\" sizes=\"(max-width: 660px) 100vw, 660px\" \/><\/a>\n\t\t\t<\/div><\/figure>\n\t\t<\/div>\n\n<p style=\"text-align: justify\">la<\/p>\n","protected":false},"excerpt":{"rendered":"<p>Latakia, 21 feb (SANA) El ministro de Salud y Protecci\u00f3n Comunitaria emirat\u00ed, Abdul Rahman bin Muhammad Al Owais, reiter\u00f3 la continuaci\u00f3n del apoyo brindado por su pa\u00eds los hermanos en Siria, especialmente en el sector m\u00e9dico, para enfrentar las repercusiones del terremoto. Esta postura fue declarada luego de una gira que realiz\u00f3 el ministro Al &hellip;<\/p>\n","protected":false},"author":24,"featured_media":288401,"comment_status":"closed","ping_status":"closed","sticky":false,"template":"","format":"standard","meta":{"footnotes":""},"categories":[447,597,20724,476,448,7541],"tags":[],"class_list":["post-288400","post","type-post","status-publish","format-standard","has-post-thumbnail","","category-local-politica","category-cinta-de-noticias","category-minuto-a-minuto","category-locales","category-noticias","category-ultimas-noticias"],"_links":{"self":[{"href":"https:\/\/archive.sana.sy\/es\/index.php?rest_route=\/wp\/v2\/posts\/288400"}],"collection":[{"href":"https:\/\/archive.sana.sy\/es\/index.php?rest_route=\/wp\/v2\/posts"}],"about":[{"href":"https:\/\/archive.sana.sy\/es\/index.php?rest_route=\/wp\/v2\/types\/post"}],"author":[{"embeddable":true,"href":"https:\/\/archive.sana.sy\/es\/index.php?rest_route=\/wp\/v2\/users\/24"}],"replies":[{"embeddable":true,"href":"https:\/\/archive.sana.sy\/es\/index.php?rest_route=%2Fwp%2Fv2%2Fcomments&post=288400"}],"version-history":[{"count":0,"href":"https:\/\/archive.sana.sy\/es\/index.php?rest_route=\/wp\/v2\/posts\/288400\/revisions"}],"wp:featuredmedia":[{"embeddable":true,"href":"https:\/\/archive.sana.sy\/es\/index.php?rest_route=\/wp\/v2\/media\/288401"}],"wp:attachment":[{"href":"https:\/\/archive.sana.sy\/es\/index.php?rest_route=%2Fwp%2Fv2%2Fmedia&parent=288400"}],"wp:term":[{"taxonomy":"category","embeddable":true,"href":"https:\/\/archive.sana.sy\/es\/index.php?rest_route=%2Fwp%2Fv2%2Fcategories&post=288400"},{"taxonomy":"post_tag","embeddable":true,"href":"https:\/\/archive.sana.sy\/es\/index.php?rest_route=%2Fwp%2Fv2%2Ftags&post=288400"}],"curies":[{"name":"wp","href":"https:\/\/api.w.org\/{rel}","templated":true}]}}