{"id":288426,"date":"2023-02-21T18:49:28","date_gmt":"2023-02-21T15:49:28","guid":{"rendered":"https:\/\/sana.sy\/es\/?p=288426"},"modified":"2023-02-22T06:25:37","modified_gmt":"2023-02-22T03:25:37","slug":"gabinete-asigna-50-mil-millones-de-libras-al-fondo-mitigacion-de-sequias-y-desastres-naturales-2023","status":"publish","type":"post","link":"https:\/\/archive.sana.sy\/es\/?p=288426","title":{"rendered":"Gabinete asigna 50 mil millones de libras sirias al Fondo Mitigaci\u00f3n de Sequ\u00edas y Desastres Naturales 2023"},"content":{"rendered":"<p style=\"text-align: justify;\"><span style=\"color: #800000;\"><strong>Damasco, 21 feb (SANA)\u00a0 \u00a0<\/strong><\/span>El Gabinete destac\u00f3 durante su sesi\u00f3n semanal la importancia de que los ministerios contin\u00faen implementando los planes y programas aprobados en el presupuesto 2023, dando prioridad a la respuesta para la recuperaci\u00f3n de las repercusiones del sismo en todos los sectores.<\/p>\n<p style=\"text-align: justify;\">En este marco, hizo hincapi\u00e9 en la necesidad de consagrar todas las capacidades disponibles para llevar a cabo planes de respuesta humanitaria en las \u00e1reas afectadas por el terremoto.<\/p>\n<p style=\"text-align: justify;\">En otro contexto, el Consejo aprob\u00f3 el presupuesto destinado para el Fondo de Mitigaci\u00f3n de Sequ\u00edas y Desastres Naturales para el a\u00f1o 2023, el cual asciende a 50 mil millones de libras sirias, as\u00ed como aprob\u00f3 el plan de acciones t\u00e9cnicas relatico al mismo.<\/p>\n<p style=\"text-align: justify;\">la\/fm<\/p>\n","protected":false},"excerpt":{"rendered":"<p>Damasco, 21 feb (SANA)\u00a0 \u00a0El Gabinete destac\u00f3 durante su sesi\u00f3n semanal la importancia de que los ministerios contin\u00faen implementando los planes y programas aprobados en el presupuesto 2023, dando prioridad a la respuesta para la recuperaci\u00f3n de las repercusiones del sismo en todos los sectores. En este marco, hizo hincapi\u00e9 en la necesidad de consagrar &hellip;<\/p>\n","protected":false},"author":24,"featured_media":288427,"comment_status":"closed","ping_status":"closed","sticky":false,"template":"","format":"standard","meta":{"footnotes":""},"categories":[447,597,20724,476,448,583,7541],"tags":[],"class_list":["post-288426","post","type-post","status-publish","format-standard","has-post-thumbnail","","category-local-politica","category-cinta-de-noticias","category-minuto-a-minuto","category-locales","category-noticias","category-slide","category-ultimas-noticias"],"_links":{"self":[{"href":"https:\/\/archive.sana.sy\/es\/index.php?rest_route=\/wp\/v2\/posts\/288426"}],"collection":[{"href":"https:\/\/archive.sana.sy\/es\/index.php?rest_route=\/wp\/v2\/posts"}],"about":[{"href":"https:\/\/archive.sana.sy\/es\/index.php?rest_route=\/wp\/v2\/types\/post"}],"author":[{"embeddable":true,"href":"https:\/\/archive.sana.sy\/es\/index.php?rest_route=\/wp\/v2\/users\/24"}],"replies":[{"embeddable":true,"href":"https:\/\/archive.sana.sy\/es\/index.php?rest_route=%2Fwp%2Fv2%2Fcomments&post=288426"}],"version-history":[{"count":0,"href":"https:\/\/archive.sana.sy\/es\/index.php?rest_route=\/wp\/v2\/posts\/288426\/revisions"}],"wp:featuredmedia":[{"embeddable":true,"href":"https:\/\/archive.sana.sy\/es\/index.php?rest_route=\/wp\/v2\/media\/288427"}],"wp:attachment":[{"href":"https:\/\/archive.sana.sy\/es\/index.php?rest_route=%2Fwp%2Fv2%2Fmedia&parent=288426"}],"wp:term":[{"taxonomy":"category","embeddable":true,"href":"https:\/\/archive.sana.sy\/es\/index.php?rest_route=%2Fwp%2Fv2%2Fcategories&post=288426"},{"taxonomy":"post_tag","embeddable":true,"href":"https:\/\/archive.sana.sy\/es\/index.php?rest_route=%2Fwp%2Fv2%2Ftags&post=288426"}],"curies":[{"name":"wp","href":"https:\/\/api.w.org\/{rel}","templated":true}]}}