{"id":288445,"date":"2023-02-21T20:07:59","date_gmt":"2023-02-21T17:07:59","guid":{"rendered":"https:\/\/sana.sy\/es\/?p=288445"},"modified":"2023-02-21T20:07:59","modified_gmt":"2023-02-21T17:07:59","slug":"presidente-del-parlamento-sirio-recibe-mensaje-de-condolencias-del-presidente-de-la-asamblea-nacional-de-tanzania","status":"publish","type":"post","link":"https:\/\/archive.sana.sy\/es\/?p=288445","title":{"rendered":"Presidente del Parlamento sirio recibe mensaje de condolencias del Presidente de la Asamblea Nacional de Tanzania"},"content":{"rendered":"<p style=\"text-align: justify;\"><span style=\"color: #800000;\"><strong>Damasco, 21 feb (SANA)<\/strong> <\/span>El presidente de la Asamblea del Pueblo (Parlamento), Hamouda Sabbagh, recibi\u00f3 un mensaje de solidaridad y condolencias del Presidente de la Asamblea Nacional de Tanzania, la Dra. Tulia Ackson.<\/p>\n<p style=\"text-align: justify;\">En su mensaje, Ackson expres\u00f3 en su nombre, en nombre de los miembros de la Asamblea Nacional, y en nombre del grupo geopol\u00edtico africano en la Uni\u00f3n Interparlamentaria, su solidaridad con la Rep\u00fablica \u00c1rabe Siria, y sus condolencias y solidaridad con el familias de las v\u00edctimas de la tragedia que dej\u00f3 el devastador terremoto que sacudi\u00f3 varias gobernaciones sirias en la madrugada del 6 de febrero.<\/p>\n<p><em>mm<\/em><\/p>\n","protected":false},"excerpt":{"rendered":"<p>Damasco, 21 feb (SANA) El presidente de la Asamblea del Pueblo (Parlamento), Hamouda Sabbagh, recibi\u00f3 un mensaje de solidaridad y condolencias del Presidente de la Asamblea Nacional de Tanzania, la Dra. Tulia Ackson. En su mensaje, Ackson expres\u00f3 en su nombre, en nombre de los miembros de la Asamblea Nacional, y en nombre del grupo &hellip;<\/p>\n","protected":false},"author":36,"featured_media":288446,"comment_status":"closed","ping_status":"closed","sticky":false,"template":"","format":"standard","meta":{"footnotes":""},"categories":[597,20724,467],"tags":[],"class_list":["post-288445","post","type-post","status-publish","format-standard","has-post-thumbnail","","category-cinta-de-noticias","category-minuto-a-minuto","category-siria-y-el-mundo"],"_links":{"self":[{"href":"https:\/\/archive.sana.sy\/es\/index.php?rest_route=\/wp\/v2\/posts\/288445"}],"collection":[{"href":"https:\/\/archive.sana.sy\/es\/index.php?rest_route=\/wp\/v2\/posts"}],"about":[{"href":"https:\/\/archive.sana.sy\/es\/index.php?rest_route=\/wp\/v2\/types\/post"}],"author":[{"embeddable":true,"href":"https:\/\/archive.sana.sy\/es\/index.php?rest_route=\/wp\/v2\/users\/36"}],"replies":[{"embeddable":true,"href":"https:\/\/archive.sana.sy\/es\/index.php?rest_route=%2Fwp%2Fv2%2Fcomments&post=288445"}],"version-history":[{"count":0,"href":"https:\/\/archive.sana.sy\/es\/index.php?rest_route=\/wp\/v2\/posts\/288445\/revisions"}],"wp:featuredmedia":[{"embeddable":true,"href":"https:\/\/archive.sana.sy\/es\/index.php?rest_route=\/wp\/v2\/media\/288446"}],"wp:attachment":[{"href":"https:\/\/archive.sana.sy\/es\/index.php?rest_route=%2Fwp%2Fv2%2Fmedia&parent=288445"}],"wp:term":[{"taxonomy":"category","embeddable":true,"href":"https:\/\/archive.sana.sy\/es\/index.php?rest_route=%2Fwp%2Fv2%2Fcategories&post=288445"},{"taxonomy":"post_tag","embeddable":true,"href":"https:\/\/archive.sana.sy\/es\/index.php?rest_route=%2Fwp%2Fv2%2Ftags&post=288445"}],"curies":[{"name":"wp","href":"https:\/\/api.w.org\/{rel}","templated":true}]}}