{"id":288466,"date":"2023-02-21T19:00:45","date_gmt":"2023-02-21T16:00:45","guid":{"rendered":"https:\/\/sana.sy\/es\/?p=288466"},"modified":"2023-02-21T21:17:15","modified_gmt":"2023-02-21T18:17:15","slug":"presidente-putin-no-tiene-planeado-sostener-contacto-con-su-homologo-estadounidense-biden","status":"publish","type":"post","link":"https:\/\/archive.sana.sy\/es\/?p=288466","title":{"rendered":"Presidente Putin no tiene planeado sostener contacto con su hom\u00f3logo estadounidense Biden"},"content":{"rendered":"<p style=\"text-align: justify;\"><span style=\"color: #800000;\"><strong>Mosc\u00fa, 21 feb (SANA)<\/strong> <\/span>El presidente ruso, Vladimir Putin, no planea en este momento sostener ning\u00fan contacto con su hom\u00f3logo estadounidense, Joe Biden, en el contexto de la decisi\u00f3n de suspensi\u00f3n de la participaci\u00f3n de Rusia en el tratado para la reducci\u00f3n nuclear \u201cNew START\u201d, inform\u00f3 este martes el portavoz del Kremlin, Dmitry Peskov, seg\u00fan public\u00f3 la agencia TASS.<\/p>\n<p style=\"text-align: justify;\">En su discurso de hoy sobre el Estado de la Naci\u00f3n ante la Asamblea Federal, el mandatario ruso anunci\u00f3 que Rusia suspender\u00e1 su participaci\u00f3n en <em>New START<\/em>, sin embargo \u201cno se retirar\u00e1 del mismo\u201d.<\/p>\n<p style=\"text-align: justify;\">El vocero de la Canciller\u00eda rusa se\u00f1al\u00f3 que la \u00faltima vez que ambos mandatarios se comunicaron fue antes del inicio de la operaci\u00f3n militar especial rusa en Ucrania. En respuesta a una pregunta sobre si hubo otros contactos despu\u00e9s de la fecha, la respuesta de Peskov fue negativa.<\/p>\n<p style=\"text-align: justify;\">Es de se\u00f1alar que el Kremlin revel\u00f3 que la \u00faltima conversaci\u00f3n entre los dos l\u00edderes tuvo lugar el 12 de febrero de 20.<\/p>\n<p style=\"text-align: justify;\">la<\/p>\n","protected":false},"excerpt":{"rendered":"<p>Mosc\u00fa, 21 feb (SANA) El presidente ruso, Vladimir Putin, no planea en este momento sostener ning\u00fan contacto con su hom\u00f3logo estadounidense, Joe Biden, en el contexto de la decisi\u00f3n de suspensi\u00f3n de la participaci\u00f3n de Rusia en el tratado para la reducci\u00f3n nuclear \u201cNew START\u201d, inform\u00f3 este martes el portavoz del Kremlin, Dmitry Peskov, seg\u00fan &hellip;<\/p>\n","protected":false},"author":24,"featured_media":52814,"comment_status":"closed","ping_status":"closed","sticky":false,"template":"","format":"standard","meta":{"footnotes":""},"categories":[447,597,456,16687,20724,448,7541],"tags":[],"class_list":["post-288466","post","type-post","status-publish","format-standard","has-post-thumbnail","","category-local-politica","category-cinta-de-noticias","category-arabe-internacional-politica","category-internacionales","category-minuto-a-minuto","category-noticias","category-ultimas-noticias"],"_links":{"self":[{"href":"https:\/\/archive.sana.sy\/es\/index.php?rest_route=\/wp\/v2\/posts\/288466"}],"collection":[{"href":"https:\/\/archive.sana.sy\/es\/index.php?rest_route=\/wp\/v2\/posts"}],"about":[{"href":"https:\/\/archive.sana.sy\/es\/index.php?rest_route=\/wp\/v2\/types\/post"}],"author":[{"embeddable":true,"href":"https:\/\/archive.sana.sy\/es\/index.php?rest_route=\/wp\/v2\/users\/24"}],"replies":[{"embeddable":true,"href":"https:\/\/archive.sana.sy\/es\/index.php?rest_route=%2Fwp%2Fv2%2Fcomments&post=288466"}],"version-history":[{"count":0,"href":"https:\/\/archive.sana.sy\/es\/index.php?rest_route=\/wp\/v2\/posts\/288466\/revisions"}],"wp:featuredmedia":[{"embeddable":true,"href":"https:\/\/archive.sana.sy\/es\/index.php?rest_route=\/wp\/v2\/media\/52814"}],"wp:attachment":[{"href":"https:\/\/archive.sana.sy\/es\/index.php?rest_route=%2Fwp%2Fv2%2Fmedia&parent=288466"}],"wp:term":[{"taxonomy":"category","embeddable":true,"href":"https:\/\/archive.sana.sy\/es\/index.php?rest_route=%2Fwp%2Fv2%2Fcategories&post=288466"},{"taxonomy":"post_tag","embeddable":true,"href":"https:\/\/archive.sana.sy\/es\/index.php?rest_route=%2Fwp%2Fv2%2Ftags&post=288466"}],"curies":[{"name":"wp","href":"https:\/\/api.w.org\/{rel}","templated":true}]}}