{"id":288500,"date":"2023-02-22T13:58:18","date_gmt":"2023-02-22T10:58:18","guid":{"rendered":"https:\/\/sana.sy\/es\/?p=288500"},"modified":"2023-02-22T13:58:18","modified_gmt":"2023-02-22T10:58:18","slug":"hija-del-che-expresa-sus-condolencias-por-las-victimas-del-terremoto-en-siria","status":"publish","type":"post","link":"https:\/\/archive.sana.sy\/es\/?p=288500","title":{"rendered":"Hija del Che expresa sus condolencias por las v\u00edctimas del terremoto en Siria"},"content":{"rendered":"<p style=\"text-align: justify;\"><span style=\"color: #800000;\"><strong>La Habana,\u00a0 22 feb (SANA)\u00a0<\/strong> <\/span>Aleida Guevara March, hija del internacionalista y l\u00edder revolucionario Che Guevara, expres\u00f3 sus condolencias por las v\u00edctimas del devastador terremoto que golpe\u00f3 Siria el pasado 6 de febrero.<\/p>\n<p style=\"text-align: justify;\">Asimismo, manifest\u00f3 su profunda solidaridad con el pueblo sirio ante esta situaci\u00f3n catastr\u00f3fica.<\/p>\n<p style=\"text-align: justify;\">Durante su encuentro con el embajador Ghassan Obeid en la Embajada de Siria en La Habana, Guevara March conden\u00f3 las injustas medidas coercitivas unilaterales estadounidenses impuestas contra Siria, que impiden la llegada de las ayudas a esta naci\u00f3n en estas condiciones dif\u00edciles.<\/p>\n<p style=\"text-align: justify;\">Estas sanciones revelan la hipocres\u00eda del\u00a0 Occidente y\u00a0 Washington hacia el pueblo sirio, adem\u00e1s de su pol\u00edtica del\u00a0 doble rasero, agreg\u00f3<\/p>\n<p style=\"text-align: justify;\">Indic\u00f3 que Cuba como Siria sufre de las mismas medidas injustas impuestas por la administraci\u00f3n estadounidense.<\/p>\n<p style=\"text-align: justify;\">Por su parte, el embajador Obeid expres\u00f3 su agradecimiento y aprecio por los sentimientos de solidaridad con Siria en estos tiempos dif\u00edciles.<\/p>\n<p style=\"text-align: justify;\">Se\u00f1al\u00f3 que el bloqueo impide la llegada de suministros b\u00e1sicos de alimentos y suministros m\u00e9dicos y el equipo log\u00edstico necesario a las zonas afectadas del sismo , y tambi\u00e9n retrasa las operaciones de b\u00fasqueda y rescate del pueblo sirio.<\/p>\n<p style=\"text-align: justify;\"><strong>ws\/fm<\/strong><\/p>\n","protected":false},"excerpt":{"rendered":"<p>La Habana,\u00a0 22 feb (SANA)\u00a0 Aleida Guevara March, hija del internacionalista y l\u00edder revolucionario Che Guevara, expres\u00f3 sus condolencias por las v\u00edctimas del devastador terremoto que golpe\u00f3 Siria el pasado 6 de febrero. Asimismo, manifest\u00f3 su profunda solidaridad con el pueblo sirio ante esta situaci\u00f3n catastr\u00f3fica. Durante su encuentro con el embajador Ghassan Obeid en &hellip;<\/p>\n","protected":false},"author":35,"featured_media":288501,"comment_status":"closed","ping_status":"closed","sticky":false,"template":"","format":"standard","meta":{"footnotes":""},"categories":[477,447,597,20724,467,583],"tags":[],"class_list":["post-288500","post","type-post","status-publish","format-standard","has-post-thumbnail","","category-noticias-edulcorantes","category-local-politica","category-cinta-de-noticias","category-minuto-a-minuto","category-siria-y-el-mundo","category-slide"],"_links":{"self":[{"href":"https:\/\/archive.sana.sy\/es\/index.php?rest_route=\/wp\/v2\/posts\/288500"}],"collection":[{"href":"https:\/\/archive.sana.sy\/es\/index.php?rest_route=\/wp\/v2\/posts"}],"about":[{"href":"https:\/\/archive.sana.sy\/es\/index.php?rest_route=\/wp\/v2\/types\/post"}],"author":[{"embeddable":true,"href":"https:\/\/archive.sana.sy\/es\/index.php?rest_route=\/wp\/v2\/users\/35"}],"replies":[{"embeddable":true,"href":"https:\/\/archive.sana.sy\/es\/index.php?rest_route=%2Fwp%2Fv2%2Fcomments&post=288500"}],"version-history":[{"count":0,"href":"https:\/\/archive.sana.sy\/es\/index.php?rest_route=\/wp\/v2\/posts\/288500\/revisions"}],"wp:featuredmedia":[{"embeddable":true,"href":"https:\/\/archive.sana.sy\/es\/index.php?rest_route=\/wp\/v2\/media\/288501"}],"wp:attachment":[{"href":"https:\/\/archive.sana.sy\/es\/index.php?rest_route=%2Fwp%2Fv2%2Fmedia&parent=288500"}],"wp:term":[{"taxonomy":"category","embeddable":true,"href":"https:\/\/archive.sana.sy\/es\/index.php?rest_route=%2Fwp%2Fv2%2Fcategories&post=288500"},{"taxonomy":"post_tag","embeddable":true,"href":"https:\/\/archive.sana.sy\/es\/index.php?rest_route=%2Fwp%2Fv2%2Ftags&post=288500"}],"curies":[{"name":"wp","href":"https:\/\/api.w.org\/{rel}","templated":true}]}}