{"id":288532,"date":"2023-02-22T15:01:48","date_gmt":"2023-02-22T12:01:48","guid":{"rendered":"http:\/\/107.6.182.27\/es\/?p=288532"},"modified":"2023-02-22T15:01:48","modified_gmt":"2023-02-22T12:01:48","slug":"canciller-al-mekdad-recibe-copia-de-las-cartas-credenciales-del-embajador-de-cuba-en-siria","status":"publish","type":"post","link":"https:\/\/archive.sana.sy\/es\/?p=288532","title":{"rendered":"Canciller Al-Mekdad recibe copia de las cartas credenciales del Embajador de Cuba en Siria"},"content":{"rendered":"<p><span style=\"color: #800000;\"><strong>Damasco, 22 feb (SANA)\u00a0<\/strong><\/span> \u00a0 El ministro de Asuntos Exteriores y Expatriados, Faisal Al-Mekdad, recibi\u00f3 hoy copia de las cartas credenciales de Luis Mariano Fern\u00e1ndez, el embajador extraordinario y plenipotenciario de la Rep\u00fablica de Cuba ante la Rep\u00fablica \u00c1rabe Siria.<\/p>\n<p>Las dos partes subrayaron durante un encuentro bilateral las profundas e hist\u00f3ricas relaciones entre los dos pa\u00edses amigos, y la importancia de seguir trabajando para desarrollarlas y fortalecerlas en todos los campos pol\u00edtico, econ\u00f3mico y de salud.<\/p>\n<p>El Canciller agradeci\u00f3 las posiciones cubanas de apoyo a Siria expresadas por el gobierno y pueblo de Cuba durante el enfrentamiento de Siria a las repercusiones del terremoto.<\/p>\n<p>Asegur\u00f3 que el impacto de las sanciones unilaterales impuestas por Estados Unidos y Occidente sobre Siria duplic\u00f3 las repercusiones de este desastre natural.<\/p>\n<p>El jefe de la diplomacia siria reiter\u00f3 la condena al bloqueo estadounidense impuesto a los dos pa\u00edses, y consider\u00f3 que el mismo contradice todos los principios humanitarios y las leyes internacionales.<\/p>\n<p>A su vez, el embajador cubano expres\u00f3 sus profundas condolencias por las v\u00edctimas del terremoto, y traslad\u00f3 las condolencias y saludos del pueblo cubano al pueblo sirio.<\/p>\n<p>Reiter\u00f3 la condena de La Habana a la reciente agresi\u00f3n israel\u00ed contra edificios civiles en Damasco.<\/p>\n<p>El diplom\u00e1tico expres\u00f3 tambi\u00e9n la disposici\u00f3n de Cuba para brindar cualquier ayuda humanitaria y m\u00e9dica a la parte siria para enfrentar las repercusiones del terremoto.<\/p>\n<p>fm\/ed<\/p>\n<div id='gallery-1' class='gallery galleryid-288532 gallery-columns-1 gallery-size-full'><figure class='gallery-item'>\n\t\t\t<div class='gallery-icon landscape'>\n\t\t\t\t<a href='https:\/\/archive.sana.sy\/es\/wp-content\/uploads\/2023\/02\/MAH_3072-scaled.jpg'><img loading=\"lazy\" decoding=\"async\" width=\"2560\" height=\"1535\" src=\"https:\/\/archive.sana.sy\/es\/wp-content\/uploads\/2023\/02\/MAH_3072-scaled.jpg\" class=\"attachment-full size-full\" alt=\"\" srcset=\"https:\/\/archive.sana.sy\/es\/wp-content\/uploads\/2023\/02\/MAH_3072-scaled.jpg 2560w, https:\/\/archive.sana.sy\/es\/wp-content\/uploads\/2023\/02\/MAH_3072-300x180.jpg 300w, https:\/\/archive.sana.sy\/es\/wp-content\/uploads\/2023\/02\/MAH_3072-1024x614.jpg 1024w, https:\/\/archive.sana.sy\/es\/wp-content\/uploads\/2023\/02\/MAH_3072-150x90.jpg 150w, https:\/\/archive.sana.sy\/es\/wp-content\/uploads\/2023\/02\/MAH_3072-768x460.jpg 768w, https:\/\/archive.sana.sy\/es\/wp-content\/uploads\/2023\/02\/MAH_3072-1536x921.jpg 1536w, https:\/\/archive.sana.sy\/es\/wp-content\/uploads\/2023\/02\/MAH_3072-2048x1228.jpg 2048w\" sizes=\"(max-width: 2560px) 100vw, 2560px\" \/><\/a>\n\t\t\t<\/div><\/figure><figure class='gallery-item'>\n\t\t\t<div class='gallery-icon landscape'>\n\t\t\t\t<a href='https:\/\/archive.sana.sy\/es\/wp-content\/uploads\/2023\/02\/MAH_3068-scaled.jpg'><img loading=\"lazy\" decoding=\"async\" width=\"2560\" height=\"1626\" src=\"https:\/\/archive.sana.sy\/es\/wp-content\/uploads\/2023\/02\/MAH_3068-scaled.jpg\" class=\"attachment-full size-full\" alt=\"\" srcset=\"https:\/\/archive.sana.sy\/es\/wp-content\/uploads\/2023\/02\/MAH_3068-scaled.jpg 2560w, https:\/\/archive.sana.sy\/es\/wp-content\/uploads\/2023\/02\/MAH_3068-300x191.jpg 300w, https:\/\/archive.sana.sy\/es\/wp-content\/uploads\/2023\/02\/MAH_3068-1024x650.jpg 1024w, https:\/\/archive.sana.sy\/es\/wp-content\/uploads\/2023\/02\/MAH_3068-150x95.jpg 150w, https:\/\/archive.sana.sy\/es\/wp-content\/uploads\/2023\/02\/MAH_3068-768x488.jpg 768w, https:\/\/archive.sana.sy\/es\/wp-content\/uploads\/2023\/02\/MAH_3068-1536x975.jpg 1536w, https:\/\/archive.sana.sy\/es\/wp-content\/uploads\/2023\/02\/MAH_3068-2048x1301.jpg 2048w\" sizes=\"(max-width: 2560px) 100vw, 2560px\" \/><\/a>\n\t\t\t<\/div><\/figure><figure class='gallery-item'>\n\t\t\t<div class='gallery-icon landscape'>\n\t\t\t\t<a href='https:\/\/archive.sana.sy\/es\/wp-content\/uploads\/2023\/02\/MAH_3078-scaled.jpg'><img loading=\"lazy\" decoding=\"async\" width=\"2560\" height=\"1669\" src=\"https:\/\/archive.sana.sy\/es\/wp-content\/uploads\/2023\/02\/MAH_3078-scaled.jpg\" class=\"attachment-full size-full\" alt=\"\" srcset=\"https:\/\/archive.sana.sy\/es\/wp-content\/uploads\/2023\/02\/MAH_3078-scaled.jpg 2560w, https:\/\/archive.sana.sy\/es\/wp-content\/uploads\/2023\/02\/MAH_3078-300x196.jpg 300w, https:\/\/archive.sana.sy\/es\/wp-content\/uploads\/2023\/02\/MAH_3078-1024x668.jpg 1024w, https:\/\/archive.sana.sy\/es\/wp-content\/uploads\/2023\/02\/MAH_3078-150x98.jpg 150w, https:\/\/archive.sana.sy\/es\/wp-content\/uploads\/2023\/02\/MAH_3078-768x501.jpg 768w, https:\/\/archive.sana.sy\/es\/wp-content\/uploads\/2023\/02\/MAH_3078-1536x1001.jpg 1536w, https:\/\/archive.sana.sy\/es\/wp-content\/uploads\/2023\/02\/MAH_3078-2048x1335.jpg 2048w\" sizes=\"(max-width: 2560px) 100vw, 2560px\" \/><\/a>\n\t\t\t<\/div><\/figure><figure class='gallery-item'>\n\t\t\t<div class='gallery-icon landscape'>\n\t\t\t\t<a href='https:\/\/archive.sana.sy\/es\/wp-content\/uploads\/2023\/02\/MAH_3089-scaled.jpg'><img loading=\"lazy\" decoding=\"async\" width=\"2560\" height=\"1620\" src=\"https:\/\/archive.sana.sy\/es\/wp-content\/uploads\/2023\/02\/MAH_3089-scaled.jpg\" class=\"attachment-full size-full\" alt=\"\" srcset=\"https:\/\/archive.sana.sy\/es\/wp-content\/uploads\/2023\/02\/MAH_3089-scaled.jpg 2560w, https:\/\/archive.sana.sy\/es\/wp-content\/uploads\/2023\/02\/MAH_3089-300x190.jpg 300w, https:\/\/archive.sana.sy\/es\/wp-content\/uploads\/2023\/02\/MAH_3089-1024x648.jpg 1024w, https:\/\/archive.sana.sy\/es\/wp-content\/uploads\/2023\/02\/MAH_3089-150x95.jpg 150w, https:\/\/archive.sana.sy\/es\/wp-content\/uploads\/2023\/02\/MAH_3089-768x486.jpg 768w, https:\/\/archive.sana.sy\/es\/wp-content\/uploads\/2023\/02\/MAH_3089-1536x972.jpg 1536w, https:\/\/archive.sana.sy\/es\/wp-content\/uploads\/2023\/02\/MAH_3089-2048x1296.jpg 2048w\" sizes=\"(max-width: 2560px) 100vw, 2560px\" \/><\/a>\n\t\t\t<\/div><\/figure>\n\t\t<\/div>\n\n","protected":false},"excerpt":{"rendered":"<p>Damasco, 22 feb (SANA)\u00a0 \u00a0 El ministro de Asuntos Exteriores y Expatriados, Faisal Al-Mekdad, recibi\u00f3 hoy copia de las cartas credenciales de Luis Mariano Fern\u00e1ndez, el embajador extraordinario y plenipotenciario de la Rep\u00fablica de Cuba ante la Rep\u00fablica \u00c1rabe Siria. Las dos partes subrayaron durante un encuentro bilateral las profundas e hist\u00f3ricas relaciones entre los &hellip;<\/p>\n","protected":false},"author":32,"featured_media":288537,"comment_status":"closed","ping_status":"closed","sticky":false,"template":"","format":"standard","meta":{"footnotes":""},"categories":[477,597,476,583],"tags":[],"class_list":["post-288532","post","type-post","status-publish","format-standard","has-post-thumbnail","","category-noticias-edulcorantes","category-cinta-de-noticias","category-locales","category-slide"],"_links":{"self":[{"href":"https:\/\/archive.sana.sy\/es\/index.php?rest_route=\/wp\/v2\/posts\/288532"}],"collection":[{"href":"https:\/\/archive.sana.sy\/es\/index.php?rest_route=\/wp\/v2\/posts"}],"about":[{"href":"https:\/\/archive.sana.sy\/es\/index.php?rest_route=\/wp\/v2\/types\/post"}],"author":[{"embeddable":true,"href":"https:\/\/archive.sana.sy\/es\/index.php?rest_route=\/wp\/v2\/users\/32"}],"replies":[{"embeddable":true,"href":"https:\/\/archive.sana.sy\/es\/index.php?rest_route=%2Fwp%2Fv2%2Fcomments&post=288532"}],"version-history":[{"count":0,"href":"https:\/\/archive.sana.sy\/es\/index.php?rest_route=\/wp\/v2\/posts\/288532\/revisions"}],"wp:featuredmedia":[{"embeddable":true,"href":"https:\/\/archive.sana.sy\/es\/index.php?rest_route=\/wp\/v2\/media\/288537"}],"wp:attachment":[{"href":"https:\/\/archive.sana.sy\/es\/index.php?rest_route=%2Fwp%2Fv2%2Fmedia&parent=288532"}],"wp:term":[{"taxonomy":"category","embeddable":true,"href":"https:\/\/archive.sana.sy\/es\/index.php?rest_route=%2Fwp%2Fv2%2Fcategories&post=288532"},{"taxonomy":"post_tag","embeddable":true,"href":"https:\/\/archive.sana.sy\/es\/index.php?rest_route=%2Fwp%2Fv2%2Ftags&post=288532"}],"curies":[{"name":"wp","href":"https:\/\/api.w.org\/{rel}","templated":true}]}}