{"id":288567,"date":"2023-02-22T19:38:13","date_gmt":"2023-02-22T16:38:13","guid":{"rendered":"https:\/\/sana.sy\/es\/?p=288567"},"modified":"2023-02-22T19:38:13","modified_gmt":"2023-02-22T16:38:13","slug":"ciudadela-de-damasco-se-recupera-tras-la-agresion-israeli","status":"publish","type":"post","link":"https:\/\/archive.sana.sy\/es\/?p=288567","title":{"rendered":"Ciudadela de Damasco se recupera tras la agresi\u00f3n israel\u00ed"},"content":{"rendered":"<p style=\"text-align: justify;\"><span style=\"color: #800000;\"><strong>Damasco, 22 feb (SANA)<\/strong><\/span> Los cr\u00edmenes y ataques de la entidad sionista no se limitaron a sitios civiles en Siria, sino que sus ataques tambi\u00e9n tuvieron como objetivo sitios arqueol\u00f3gicos e instituciones educativas.<\/p>\n<p style=\"text-align: justify;\">La Ciudadela de Damasco, que est\u00e1 inscrita en la Lista del Patrimonio Mundial de la UNESCO, no se salv\u00f3 de la agresi\u00f3n israel\u00ed que tuvo como objetivo Damasco y sus alrededores a principios de esta semana.<\/p>\n<p style=\"text-align: justify;\">Este monumento, cuya construcci\u00f3n data de principios del siglo XIII d.C, alberga el Instituto T\u00e9cnico de Artes Aplicadas y el Instituto T\u00e9cnico de Arqueolog\u00eda de la Direcci\u00f3n de Antig\u00fcedades y Museos del Ministerio de Cultura que se vieron afectados por la reciente agresi\u00f3n sionista.<\/p>\n<p style=\"text-align: justify;\">Inmediatamente y despu\u00e9s de la agresi\u00f3n un grupo de ingenieros, t\u00e9cnicos y trabajadores de la Direcci\u00f3n General de Antig\u00fcedades y Museos comenzaron a trabajar desde las primeras horas para retirar los escombros del lugar, con la esperanza de recuperar a algunos artefactos o herramientas importantes que se encontraban bajo los escombros que caus\u00f3 la agresi\u00f3n.<\/p>\n<p>&nbsp;<\/p>\n<div id='gallery-1' class='gallery galleryid-288567 gallery-columns-1 gallery-size-full'><figure class='gallery-item'>\n\t\t\t<div class='gallery-icon landscape'>\n\t\t\t\t<a href='https:\/\/archive.sana.sy\/es\/?attachment_id=288570'><img loading=\"lazy\" decoding=\"async\" width=\"1280\" height=\"890\" src=\"https:\/\/archive.sana.sy\/es\/wp-content\/uploads\/2023\/02\/1-9.jpg\" class=\"attachment-full size-full\" alt=\"\" srcset=\"https:\/\/archive.sana.sy\/es\/wp-content\/uploads\/2023\/02\/1-9.jpg 1280w, https:\/\/archive.sana.sy\/es\/wp-content\/uploads\/2023\/02\/1-9-300x209.jpg 300w, https:\/\/archive.sana.sy\/es\/wp-content\/uploads\/2023\/02\/1-9-1024x712.jpg 1024w, https:\/\/archive.sana.sy\/es\/wp-content\/uploads\/2023\/02\/1-9-150x104.jpg 150w, https:\/\/archive.sana.sy\/es\/wp-content\/uploads\/2023\/02\/1-9-768x534.jpg 768w, https:\/\/archive.sana.sy\/es\/wp-content\/uploads\/2023\/02\/1-9-110x75.jpg 110w\" sizes=\"(max-width: 1280px) 100vw, 1280px\" \/><\/a>\n\t\t\t<\/div><\/figure><figure class='gallery-item'>\n\t\t\t<div class='gallery-icon landscape'>\n\t\t\t\t<a href='https:\/\/archive.sana.sy\/es\/?attachment_id=288571'><img loading=\"lazy\" decoding=\"async\" width=\"1280\" height=\"851\" src=\"https:\/\/archive.sana.sy\/es\/wp-content\/uploads\/2023\/02\/2-9.jpg\" class=\"attachment-full size-full\" alt=\"\" srcset=\"https:\/\/archive.sana.sy\/es\/wp-content\/uploads\/2023\/02\/2-9.jpg 1280w, https:\/\/archive.sana.sy\/es\/wp-content\/uploads\/2023\/02\/2-9-300x199.jpg 300w, https:\/\/archive.sana.sy\/es\/wp-content\/uploads\/2023\/02\/2-9-1024x681.jpg 1024w, https:\/\/archive.sana.sy\/es\/wp-content\/uploads\/2023\/02\/2-9-150x100.jpg 150w, https:\/\/archive.sana.sy\/es\/wp-content\/uploads\/2023\/02\/2-9-768x511.jpg 768w, https:\/\/archive.sana.sy\/es\/wp-content\/uploads\/2023\/02\/2-9-310x205.jpg 310w\" sizes=\"(max-width: 1280px) 100vw, 1280px\" \/><\/a>\n\t\t\t<\/div><\/figure><figure class='gallery-item'>\n\t\t\t<div class='gallery-icon landscape'>\n\t\t\t\t<a href='https:\/\/archive.sana.sy\/es\/?attachment_id=288572'><img loading=\"lazy\" decoding=\"async\" width=\"1280\" height=\"822\" src=\"https:\/\/archive.sana.sy\/es\/wp-content\/uploads\/2023\/02\/3-8.jpg\" class=\"attachment-full size-full\" alt=\"\" srcset=\"https:\/\/archive.sana.sy\/es\/wp-content\/uploads\/2023\/02\/3-8.jpg 1280w, https:\/\/archive.sana.sy\/es\/wp-content\/uploads\/2023\/02\/3-8-300x193.jpg 300w, https:\/\/archive.sana.sy\/es\/wp-content\/uploads\/2023\/02\/3-8-1024x658.jpg 1024w, https:\/\/archive.sana.sy\/es\/wp-content\/uploads\/2023\/02\/3-8-150x96.jpg 150w, https:\/\/archive.sana.sy\/es\/wp-content\/uploads\/2023\/02\/3-8-768x493.jpg 768w\" sizes=\"(max-width: 1280px) 100vw, 1280px\" \/><\/a>\n\t\t\t<\/div><\/figure><figure class='gallery-item'>\n\t\t\t<div class='gallery-icon landscape'>\n\t\t\t\t<a href='https:\/\/archive.sana.sy\/es\/?attachment_id=288573'><img loading=\"lazy\" decoding=\"async\" width=\"1280\" height=\"781\" src=\"https:\/\/archive.sana.sy\/es\/wp-content\/uploads\/2023\/02\/4-6.jpg\" class=\"attachment-full size-full\" alt=\"\" srcset=\"https:\/\/archive.sana.sy\/es\/wp-content\/uploads\/2023\/02\/4-6.jpg 1280w, https:\/\/archive.sana.sy\/es\/wp-content\/uploads\/2023\/02\/4-6-300x183.jpg 300w, https:\/\/archive.sana.sy\/es\/wp-content\/uploads\/2023\/02\/4-6-1024x625.jpg 1024w, https:\/\/archive.sana.sy\/es\/wp-content\/uploads\/2023\/02\/4-6-150x92.jpg 150w, https:\/\/archive.sana.sy\/es\/wp-content\/uploads\/2023\/02\/4-6-768x469.jpg 768w\" sizes=\"(max-width: 1280px) 100vw, 1280px\" \/><\/a>\n\t\t\t<\/div><\/figure>\n\t\t<\/div>\n\n<p><em>mm<\/em><\/p>\n<p>&nbsp;<\/p>\n<p>&nbsp;<\/p>\n<p>&nbsp;<\/p>\n","protected":false},"excerpt":{"rendered":"<p>Damasco, 22 feb (SANA) Los cr\u00edmenes y ataques de la entidad sionista no se limitaron a sitios civiles en Siria, sino que sus ataques tambi\u00e9n tuvieron como objetivo sitios arqueol\u00f3gicos e instituciones educativas. La Ciudadela de Damasco, que est\u00e1 inscrita en la Lista del Patrimonio Mundial de la UNESCO, no se salv\u00f3 de la agresi\u00f3n &hellip;<\/p>\n","protected":false},"author":36,"featured_media":288569,"comment_status":"closed","ping_status":"closed","sticky":false,"template":"","format":"standard","meta":{"footnotes":""},"categories":[597,20724,476,457,7541],"tags":[],"class_list":["post-288567","post","type-post","status-publish","format-standard","has-post-thumbnail","","category-cinta-de-noticias","category-minuto-a-minuto","category-locales","category-noticias-arabe-internacional-politica","category-ultimas-noticias"],"_links":{"self":[{"href":"https:\/\/archive.sana.sy\/es\/index.php?rest_route=\/wp\/v2\/posts\/288567"}],"collection":[{"href":"https:\/\/archive.sana.sy\/es\/index.php?rest_route=\/wp\/v2\/posts"}],"about":[{"href":"https:\/\/archive.sana.sy\/es\/index.php?rest_route=\/wp\/v2\/types\/post"}],"author":[{"embeddable":true,"href":"https:\/\/archive.sana.sy\/es\/index.php?rest_route=\/wp\/v2\/users\/36"}],"replies":[{"embeddable":true,"href":"https:\/\/archive.sana.sy\/es\/index.php?rest_route=%2Fwp%2Fv2%2Fcomments&post=288567"}],"version-history":[{"count":0,"href":"https:\/\/archive.sana.sy\/es\/index.php?rest_route=\/wp\/v2\/posts\/288567\/revisions"}],"wp:featuredmedia":[{"embeddable":true,"href":"https:\/\/archive.sana.sy\/es\/index.php?rest_route=\/wp\/v2\/media\/288569"}],"wp:attachment":[{"href":"https:\/\/archive.sana.sy\/es\/index.php?rest_route=%2Fwp%2Fv2%2Fmedia&parent=288567"}],"wp:term":[{"taxonomy":"category","embeddable":true,"href":"https:\/\/archive.sana.sy\/es\/index.php?rest_route=%2Fwp%2Fv2%2Fcategories&post=288567"},{"taxonomy":"post_tag","embeddable":true,"href":"https:\/\/archive.sana.sy\/es\/index.php?rest_route=%2Fwp%2Fv2%2Ftags&post=288567"}],"curies":[{"name":"wp","href":"https:\/\/api.w.org\/{rel}","templated":true}]}}