{"id":288595,"date":"2023-02-22T22:18:08","date_gmt":"2023-02-22T19:18:08","guid":{"rendered":"https:\/\/sana.sy\/es\/?p=288595"},"modified":"2023-02-22T22:18:08","modified_gmt":"2023-02-22T19:18:08","slug":"presidente-armenio-reitera-disposicion-de-su-pais-de-brindar-apoyo-a-siria-tras-el-terremoto","status":"publish","type":"post","link":"https:\/\/archive.sana.sy\/es\/?p=288595","title":{"rendered":"Presidente armenio reitera disposici\u00f3n de su pa\u00eds de brindar apoyo a Siria tras el terremoto"},"content":{"rendered":"<p style=\"text-align: justify;\"><span style=\"color: #800000;\"><strong>Erev\u00e1n, 22 feb (SANA)<\/strong><\/span> El presidente armenio, Vhaken Khachadorian, reiter\u00f3 la disposici\u00f3n de su pa\u00eds de brindar todo tipo de apoyo y asistencia posibles para mitigar las repercusiones del devastador terremoto que azot\u00f3 a Siria.<\/p>\n<p style=\"text-align: justify;\">Asimismo, y durante una reuni\u00f3n entre el mandatario armenio y la embajadora de Siria en Armenia, Noura Arissian, miembros de la embajada y representantes de la comunidad siria, se abordaron los efectos del terremoto, adem\u00e1s de las arraigadas relaciones de amistad entre los dos pa\u00edses y pueblos amigos.<\/p>\n<p style=\"text-align: justify;\">El presidente Khachadorian elogi\u00f3 la firmeza y la resistencia del pueblo sirio durante la guerra terrorista impuesta y enfatiz\u00f3 que Siria superar\u00e1 esta prueba causada por esta cat\u00e1strofe natural.<\/p>\n<p>Por su parte, la embajadora siria expres\u00f3 el aprecio y agradecimiento de su pa\u00eds por la solidaridad de Armenia que se manifest\u00f3 con el env\u00edo de un equipo de rescate y aviones de ayuda humanitaria.<\/p>\n<p><em>sm\/mm<\/em><\/p>\n","protected":false},"excerpt":{"rendered":"<p>Erev\u00e1n, 22 feb (SANA) El presidente armenio, Vhaken Khachadorian, reiter\u00f3 la disposici\u00f3n de su pa\u00eds de brindar todo tipo de apoyo y asistencia posibles para mitigar las repercusiones del devastador terremoto que azot\u00f3 a Siria. Asimismo, y durante una reuni\u00f3n entre el mandatario armenio y la embajadora de Siria en Armenia, Noura Arissian, miembros de &hellip;<\/p>\n","protected":false},"author":36,"featured_media":288596,"comment_status":"closed","ping_status":"closed","sticky":false,"template":"","format":"standard","meta":{"footnotes":""},"categories":[597,20724,467,583],"tags":[],"class_list":["post-288595","post","type-post","status-publish","format-standard","has-post-thumbnail","","category-cinta-de-noticias","category-minuto-a-minuto","category-siria-y-el-mundo","category-slide"],"_links":{"self":[{"href":"https:\/\/archive.sana.sy\/es\/index.php?rest_route=\/wp\/v2\/posts\/288595"}],"collection":[{"href":"https:\/\/archive.sana.sy\/es\/index.php?rest_route=\/wp\/v2\/posts"}],"about":[{"href":"https:\/\/archive.sana.sy\/es\/index.php?rest_route=\/wp\/v2\/types\/post"}],"author":[{"embeddable":true,"href":"https:\/\/archive.sana.sy\/es\/index.php?rest_route=\/wp\/v2\/users\/36"}],"replies":[{"embeddable":true,"href":"https:\/\/archive.sana.sy\/es\/index.php?rest_route=%2Fwp%2Fv2%2Fcomments&post=288595"}],"version-history":[{"count":0,"href":"https:\/\/archive.sana.sy\/es\/index.php?rest_route=\/wp\/v2\/posts\/288595\/revisions"}],"wp:featuredmedia":[{"embeddable":true,"href":"https:\/\/archive.sana.sy\/es\/index.php?rest_route=\/wp\/v2\/media\/288596"}],"wp:attachment":[{"href":"https:\/\/archive.sana.sy\/es\/index.php?rest_route=%2Fwp%2Fv2%2Fmedia&parent=288595"}],"wp:term":[{"taxonomy":"category","embeddable":true,"href":"https:\/\/archive.sana.sy\/es\/index.php?rest_route=%2Fwp%2Fv2%2Fcategories&post=288595"},{"taxonomy":"post_tag","embeddable":true,"href":"https:\/\/archive.sana.sy\/es\/index.php?rest_route=%2Fwp%2Fv2%2Ftags&post=288595"}],"curies":[{"name":"wp","href":"https:\/\/api.w.org\/{rel}","templated":true}]}}