{"id":288601,"date":"2023-02-23T05:55:22","date_gmt":"2023-02-23T02:55:22","guid":{"rendered":"https:\/\/sana.sy\/es\/?p=288601"},"modified":"2023-02-23T05:55:22","modified_gmt":"2023-02-23T02:55:22","slug":"el-papa-francisco-se-pronuncia-sobre-la-guerra-en-ucrania","status":"publish","type":"post","link":"https:\/\/archive.sana.sy\/es\/?p=288601","title":{"rendered":"El papa Francisco se pronuncia sobre la guerra en Ucrania"},"content":{"rendered":"<p style=\"text-align: justify;\"><span style=\"color: #800000;\"><strong>Vaticano, 23 feb (SANA)<\/strong><\/span> El papa Francisco subray\u00f3 hoy la necesidad de alcanzar un alto al fuego en Ucrania e iniciar conversaciones de paz.<\/p>\n<p style=\"text-align: justify;\">&#8220;El n\u00famero de muertos, heridos, refugiados, desplazados internos, destrucci\u00f3n, la cantidad de da\u00f1os econ\u00f3micos y sociales hablan por s\u00ed solos. \u00bfPuede Dios perdonar tantos cr\u00edmenes y tanta violencia? \u00c9l es el Dios de la paz (\u2026) pregunt\u00e9monos: \u00bfse ha hecho todo lo posible para detener la guerra?&#8221;, expres\u00f3 el papa Francisco citado por la agencia Sputnik.<\/p>\n<p style=\"text-align: justify;\">A continuaci\u00f3n, hizo un llamamiento &#8220;a quienes tienen poder sobre los pa\u00edses&#8221; para que hagan un esfuerzo concreto para poner fin a la guerra, alcanzar un alto al fuego e iniciar conversaciones de paz.<\/p>\n<p style=\"text-align: justify;\">&#8220;Una victoria construida sobre ruinas nunca ser\u00e1 real&#8221;, subray\u00f3 el sumo pont\u00edfice.<\/p>\n<p style=\"text-align: justify;\">Mosc\u00fa lleva tiempo mostrando su disposici\u00f3n a negociar, pero los pol\u00edticos occidentales creen que la situaci\u00f3n en Ucrania solo puede resolverse militarmente.<\/p>\n<p style=\"text-align: justify;\">fm<\/p>\n<p style=\"text-align: justify;\">\n","protected":false},"excerpt":{"rendered":"<p>Vaticano, 23 feb (SANA) El papa Francisco subray\u00f3 hoy la necesidad de alcanzar un alto al fuego en Ucrania e iniciar conversaciones de paz. &#8220;El n\u00famero de muertos, heridos, refugiados, desplazados internos, destrucci\u00f3n, la cantidad de da\u00f1os econ\u00f3micos y sociales hablan por s\u00ed solos. \u00bfPuede Dios perdonar tantos cr\u00edmenes y tanta violencia? \u00c9l es el &hellip;<\/p>\n","protected":false},"author":34,"featured_media":288602,"comment_status":"closed","ping_status":"closed","sticky":false,"template":"","format":"standard","meta":{"footnotes":""},"categories":[597,456,20724],"tags":[],"class_list":["post-288601","post","type-post","status-publish","format-standard","has-post-thumbnail","","category-cinta-de-noticias","category-arabe-internacional-politica","category-minuto-a-minuto"],"_links":{"self":[{"href":"https:\/\/archive.sana.sy\/es\/index.php?rest_route=\/wp\/v2\/posts\/288601"}],"collection":[{"href":"https:\/\/archive.sana.sy\/es\/index.php?rest_route=\/wp\/v2\/posts"}],"about":[{"href":"https:\/\/archive.sana.sy\/es\/index.php?rest_route=\/wp\/v2\/types\/post"}],"author":[{"embeddable":true,"href":"https:\/\/archive.sana.sy\/es\/index.php?rest_route=\/wp\/v2\/users\/34"}],"replies":[{"embeddable":true,"href":"https:\/\/archive.sana.sy\/es\/index.php?rest_route=%2Fwp%2Fv2%2Fcomments&post=288601"}],"version-history":[{"count":0,"href":"https:\/\/archive.sana.sy\/es\/index.php?rest_route=\/wp\/v2\/posts\/288601\/revisions"}],"wp:featuredmedia":[{"embeddable":true,"href":"https:\/\/archive.sana.sy\/es\/index.php?rest_route=\/wp\/v2\/media\/288602"}],"wp:attachment":[{"href":"https:\/\/archive.sana.sy\/es\/index.php?rest_route=%2Fwp%2Fv2%2Fmedia&parent=288601"}],"wp:term":[{"taxonomy":"category","embeddable":true,"href":"https:\/\/archive.sana.sy\/es\/index.php?rest_route=%2Fwp%2Fv2%2Fcategories&post=288601"},{"taxonomy":"post_tag","embeddable":true,"href":"https:\/\/archive.sana.sy\/es\/index.php?rest_route=%2Fwp%2Fv2%2Ftags&post=288601"}],"curies":[{"name":"wp","href":"https:\/\/api.w.org\/{rel}","templated":true}]}}