{"id":288608,"date":"2023-02-23T10:34:44","date_gmt":"2023-02-23T07:34:44","guid":{"rendered":"https:\/\/sana.sy\/es\/?p=288608"},"modified":"2023-02-23T10:34:44","modified_gmt":"2023-02-23T07:34:44","slug":"cazas-del-ocupante-israeli-bombardean-gaza-2","status":"publish","type":"post","link":"https:\/\/archive.sana.sy\/es\/?p=288608","title":{"rendered":"Cazas del ocupante israel\u00ed bombardean Gaza"},"content":{"rendered":"<blockquote>\n<p style=\"text-align: justify;\"><strong>En respuesta a los cr\u00edmenes y masacres del ocupante, la resistencia palestina atac\u00f3 las colonias israel\u00edes en las afueras de Gaza con varios misiles.<\/strong><\/p>\n<\/blockquote>\n<p style=\"text-align: justify;\"><span style=\"color: #800000;\"><strong>Jerusal\u00e9n ocupada, 23 feb (SANA)\u00a0<\/strong><\/span> \u00a0Los aviones de combate del ocupante israel\u00ed lanzaron esta madrugada una serie de incursiones en la Franja de Gaza.<\/p>\n<p style=\"text-align: justify;\">Los cazas dispararon misiles contra varias \u00e1reas en el oeste de Gaza y en el campo de refugiados al-Bureij, lo que caus\u00f3 graves da\u00f1os en las viviendas, propiedades e infraestructura palestinas\u201d, difundieron medios palestinos.<\/p>\n<p style=\"text-align: justify;\">En respuesta a los cr\u00edmenes y masacres del ocupante, la resistencia palestina atac\u00f3 las colonias israel\u00edes en las afueras de Gaza con varios misiles.<\/p>\n<p style=\"text-align: justify;\">ed\/fm<\/p>\n","protected":false},"excerpt":{"rendered":"<p>En respuesta a los cr\u00edmenes y masacres del ocupante, la resistencia palestina atac\u00f3 las colonias israel\u00edes en las afueras de Gaza con varios misiles. Jerusal\u00e9n ocupada, 23 feb (SANA)\u00a0 \u00a0Los aviones de combate del ocupante israel\u00ed lanzaron esta madrugada una serie de incursiones en la Franja de Gaza. Los cazas dispararon misiles contra varias \u00e1reas &hellip;<\/p>\n","protected":false},"author":32,"featured_media":288609,"comment_status":"closed","ping_status":"closed","sticky":false,"template":"","format":"standard","meta":{"footnotes":""},"categories":[597,456,20724,7541],"tags":[],"class_list":["post-288608","post","type-post","status-publish","format-standard","has-post-thumbnail","","category-cinta-de-noticias","category-arabe-internacional-politica","category-minuto-a-minuto","category-ultimas-noticias"],"_links":{"self":[{"href":"https:\/\/archive.sana.sy\/es\/index.php?rest_route=\/wp\/v2\/posts\/288608"}],"collection":[{"href":"https:\/\/archive.sana.sy\/es\/index.php?rest_route=\/wp\/v2\/posts"}],"about":[{"href":"https:\/\/archive.sana.sy\/es\/index.php?rest_route=\/wp\/v2\/types\/post"}],"author":[{"embeddable":true,"href":"https:\/\/archive.sana.sy\/es\/index.php?rest_route=\/wp\/v2\/users\/32"}],"replies":[{"embeddable":true,"href":"https:\/\/archive.sana.sy\/es\/index.php?rest_route=%2Fwp%2Fv2%2Fcomments&post=288608"}],"version-history":[{"count":0,"href":"https:\/\/archive.sana.sy\/es\/index.php?rest_route=\/wp\/v2\/posts\/288608\/revisions"}],"wp:featuredmedia":[{"embeddable":true,"href":"https:\/\/archive.sana.sy\/es\/index.php?rest_route=\/wp\/v2\/media\/288609"}],"wp:attachment":[{"href":"https:\/\/archive.sana.sy\/es\/index.php?rest_route=%2Fwp%2Fv2%2Fmedia&parent=288608"}],"wp:term":[{"taxonomy":"category","embeddable":true,"href":"https:\/\/archive.sana.sy\/es\/index.php?rest_route=%2Fwp%2Fv2%2Fcategories&post=288608"},{"taxonomy":"post_tag","embeddable":true,"href":"https:\/\/archive.sana.sy\/es\/index.php?rest_route=%2Fwp%2Fv2%2Ftags&post=288608"}],"curies":[{"name":"wp","href":"https:\/\/api.w.org\/{rel}","templated":true}]}}