{"id":288630,"date":"2023-02-23T13:06:07","date_gmt":"2023-02-23T10:06:07","guid":{"rendered":"https:\/\/sana.sy\/es\/?p=288630"},"modified":"2023-02-23T13:06:07","modified_gmt":"2023-02-23T10:06:07","slug":"un-senador-republicano-presenta-proyecto-de-resolucion-para-obligar-a-biden-a-retirar-sus-fuerzas-de-siria","status":"publish","type":"post","link":"https:\/\/archive.sana.sy\/es\/?p=288630","title":{"rendered":"Un senador republicano presenta proyecto de resoluci\u00f3n para obligar a Biden a retirar sus fuerzas de Siria"},"content":{"rendered":"<blockquote>\n<p style=\"text-align: justify;\"><span style=\"color: #000000;\"><em><strong>\u201cEl Congreso nunca autoriz\u00f3 el uso de la fuerza militar en Siria, y Estados Unidos no est\u00e1 actualmente en guerra con o contra Siria, entonces, \u00bfpor qu\u00e9 estamos llevando a cabo peligrosas operaciones militares all\u00ed?\u201d, dijo Gates en su cuenta de Twitter.<\/strong><\/em><\/span><\/p>\n<\/blockquote>\n<p style=\"text-align: justify;\"><span style=\"color: #800000;\"><strong>Washington, 23 feb (SANA)<\/strong> <\/span>El senador republicano Matt Gates, present\u00f3 un proyecto de resoluci\u00f3n a la C\u00e1mara de Representantes de EE. UU. que obliga al presidente Joe Biden retirar las fuerzas estadounidenses presentes ilegalmente en Siria.<\/p>\n<p style=\"text-align: justify;\">\u201cEl Congreso nunca autoriz\u00f3 el uso de la fuerza militar en Siria, y Estados Unidos no est\u00e1 actualmente en guerra con o contra Siria, entonces, \u00bfpor qu\u00e9 estamos llevando a cabo peligrosas operaciones militares all\u00ed?\u201d, dijo Gates en su cuenta de Twitter.<\/p>\n<p style=\"text-align: justify;\">Agreg\u00f3 que \u201cAmerica First&#8221; pone a nuestro pueblo primero y no a los intereses del complejo militar-industrial.<br \/>\nThe New York Post inform\u00f3 que el Congreso ahora est\u00e1 obligado a votar la resoluci\u00f3n a mediados de marzo, ya que se relaciona con temas de guerra y paz.<\/p>\n<p style=\"text-align: justify;\">El proyecto de resoluci\u00f3n presentado por Gates revela que el n\u00famero de fuerzas estadounidenses en Siria es 900, aunque esto no ha sido aprobado por el Congreso.<\/p>\n<p style=\"text-align: justify;\">as\/fm<\/p>\n","protected":false},"excerpt":{"rendered":"<p>\u201cEl Congreso nunca autoriz\u00f3 el uso de la fuerza militar en Siria, y Estados Unidos no est\u00e1 actualmente en guerra con o contra Siria, entonces, \u00bfpor qu\u00e9 estamos llevando a cabo peligrosas operaciones militares all\u00ed?\u201d, dijo Gates en su cuenta de Twitter. Washington, 23 feb (SANA) El senador republicano Matt Gates, present\u00f3 un proyecto de &hellip;<\/p>\n","protected":false},"author":42,"featured_media":288631,"comment_status":"closed","ping_status":"closed","sticky":false,"template":"","format":"standard","meta":{"footnotes":""},"categories":[597,456,16687,20724,7541],"tags":[],"class_list":["post-288630","post","type-post","status-publish","format-standard","has-post-thumbnail","","category-cinta-de-noticias","category-arabe-internacional-politica","category-internacionales","category-minuto-a-minuto","category-ultimas-noticias"],"_links":{"self":[{"href":"https:\/\/archive.sana.sy\/es\/index.php?rest_route=\/wp\/v2\/posts\/288630"}],"collection":[{"href":"https:\/\/archive.sana.sy\/es\/index.php?rest_route=\/wp\/v2\/posts"}],"about":[{"href":"https:\/\/archive.sana.sy\/es\/index.php?rest_route=\/wp\/v2\/types\/post"}],"author":[{"embeddable":true,"href":"https:\/\/archive.sana.sy\/es\/index.php?rest_route=\/wp\/v2\/users\/42"}],"replies":[{"embeddable":true,"href":"https:\/\/archive.sana.sy\/es\/index.php?rest_route=%2Fwp%2Fv2%2Fcomments&post=288630"}],"version-history":[{"count":0,"href":"https:\/\/archive.sana.sy\/es\/index.php?rest_route=\/wp\/v2\/posts\/288630\/revisions"}],"wp:featuredmedia":[{"embeddable":true,"href":"https:\/\/archive.sana.sy\/es\/index.php?rest_route=\/wp\/v2\/media\/288631"}],"wp:attachment":[{"href":"https:\/\/archive.sana.sy\/es\/index.php?rest_route=%2Fwp%2Fv2%2Fmedia&parent=288630"}],"wp:term":[{"taxonomy":"category","embeddable":true,"href":"https:\/\/archive.sana.sy\/es\/index.php?rest_route=%2Fwp%2Fv2%2Fcategories&post=288630"},{"taxonomy":"post_tag","embeddable":true,"href":"https:\/\/archive.sana.sy\/es\/index.php?rest_route=%2Fwp%2Fv2%2Ftags&post=288630"}],"curies":[{"name":"wp","href":"https:\/\/api.w.org\/{rel}","templated":true}]}}