{"id":288637,"date":"2023-02-23T13:37:08","date_gmt":"2023-02-23T10:37:08","guid":{"rendered":"https:\/\/sana.sy\/es\/?p=288637"},"modified":"2023-02-23T13:37:08","modified_gmt":"2023-02-23T10:37:08","slug":"acuerdo-de-cooperacion-entre-la-mlras-y-la-agencia-italiana-de-fomento-y-cooperacion","status":"publish","type":"post","link":"https:\/\/archive.sana.sy\/es\/?p=288637","title":{"rendered":"Acuerdo de cooperaci\u00f3n entre la MLRAS y la Agencia Italiana de Fomento y Cooperaci\u00f3n"},"content":{"rendered":"<p style=\"text-align: justify;\"><span style=\"color: #800000;\"><strong>Damasco, 23 feb (SANA) <\/strong><\/span>La Media Luna Roja \u00c1rabe Siria (MLRAS) firm\u00f3 un acuerdo de cooperaci\u00f3n con la Agencia Italiana para el Desarrollo de la Cooperaci\u00f3n.<\/p>\n<p style=\"text-align: justify;\">Al acto de r\u00fabrica del acuerdo, asisti\u00f3 el jefe de la MLRAS, Khaled Houbaibati y el encargado de negocios italiano, Massimiliano Dantono.<\/p>\n<p style=\"text-align: justify;\">El acuerdo estipula apoyar a los afectados por el terremoto y ofrecerles ayuda humanitaria urgente.<\/p>\n<p style=\"text-align: justify;\">\n<strong>Nota en desarrollo\u2026<\/strong><\/p>\n<p style=\"text-align: justify;\">\n<p style=\"text-align: justify;\">as\/fm<\/p>\n","protected":false},"excerpt":{"rendered":"<p>Damasco, 23 feb (SANA) La Media Luna Roja \u00c1rabe Siria (MLRAS) firm\u00f3 un acuerdo de cooperaci\u00f3n con la Agencia Italiana para el Desarrollo de la Cooperaci\u00f3n. Al acto de r\u00fabrica del acuerdo, asisti\u00f3 el jefe de la MLRAS, Khaled Houbaibati y el encargado de negocios italiano, Massimiliano Dantono. El acuerdo estipula apoyar a los afectados &hellip;<\/p>\n","protected":false},"author":42,"featured_media":288638,"comment_status":"closed","ping_status":"closed","sticky":false,"template":"","format":"standard","meta":{"footnotes":""},"categories":[597,20724,16688,476,7541],"tags":[],"class_list":["post-288637","post","type-post","status-publish","format-standard","has-post-thumbnail","","category-cinta-de-noticias","category-minuto-a-minuto","category-nacionales","category-locales","category-ultimas-noticias"],"_links":{"self":[{"href":"https:\/\/archive.sana.sy\/es\/index.php?rest_route=\/wp\/v2\/posts\/288637"}],"collection":[{"href":"https:\/\/archive.sana.sy\/es\/index.php?rest_route=\/wp\/v2\/posts"}],"about":[{"href":"https:\/\/archive.sana.sy\/es\/index.php?rest_route=\/wp\/v2\/types\/post"}],"author":[{"embeddable":true,"href":"https:\/\/archive.sana.sy\/es\/index.php?rest_route=\/wp\/v2\/users\/42"}],"replies":[{"embeddable":true,"href":"https:\/\/archive.sana.sy\/es\/index.php?rest_route=%2Fwp%2Fv2%2Fcomments&post=288637"}],"version-history":[{"count":0,"href":"https:\/\/archive.sana.sy\/es\/index.php?rest_route=\/wp\/v2\/posts\/288637\/revisions"}],"wp:featuredmedia":[{"embeddable":true,"href":"https:\/\/archive.sana.sy\/es\/index.php?rest_route=\/wp\/v2\/media\/288638"}],"wp:attachment":[{"href":"https:\/\/archive.sana.sy\/es\/index.php?rest_route=%2Fwp%2Fv2%2Fmedia&parent=288637"}],"wp:term":[{"taxonomy":"category","embeddable":true,"href":"https:\/\/archive.sana.sy\/es\/index.php?rest_route=%2Fwp%2Fv2%2Fcategories&post=288637"},{"taxonomy":"post_tag","embeddable":true,"href":"https:\/\/archive.sana.sy\/es\/index.php?rest_route=%2Fwp%2Fv2%2Ftags&post=288637"}],"curies":[{"name":"wp","href":"https:\/\/api.w.org\/{rel}","templated":true}]}}