{"id":288650,"date":"2023-02-23T16:09:29","date_gmt":"2023-02-23T13:09:29","guid":{"rendered":"https:\/\/sana.sy\/es\/?p=288650"},"modified":"2023-02-23T16:12:56","modified_gmt":"2023-02-23T13:12:56","slug":"acto-de-solidaridad-con-los-prisioneros-palestinos-frente-a-la-sede-de-cicr-en-damasco","status":"publish","type":"post","link":"https:\/\/archive.sana.sy\/es\/?p=288650","title":{"rendered":"Acto de solidaridad con los prisioneros palestinos frente a la sede de CICR, en Damasco"},"content":{"rendered":"<p style=\"text-align: justify;\">Damasco, 23 feb (SANA)\u00a0 \u00a0El Movimiento de la Yihad Isl\u00e1mica en Palestina, la Fundaci\u00f3n Muhjat al-Quds, la Fundaci\u00f3n Internacional al-Quds y el Comit\u00e9 del Pueblo \u00c1rabe Sirio para Apoyar al Pueblo Palestino y Resistir el Proyecto Sionista convocaron hoy a un acto de solidaridad frente a la sede\u00a0 del Comit\u00e9 Internacional de la Cruz Roja CICR en Damasco.<\/p>\n<p style=\"text-align: justify;\">\u00a0Los participantes en el acto manifestaron la solidaridad con los prisioneros palestinos en las c\u00e1rceles del ocupante israel\u00ed y exigieron el levantamiento del injusto bloqueo a Siria.<\/p>\n<p style=\"text-align: justify;\">Nota en desarrollo\u2026.<\/p>\n<p style=\"text-align: justify;\">ed\/fm<\/p>\n","protected":false},"excerpt":{"rendered":"<p>Damasco, 23 feb (SANA)\u00a0 \u00a0El Movimiento de la Yihad Isl\u00e1mica en Palestina, la Fundaci\u00f3n Muhjat al-Quds, la Fundaci\u00f3n Internacional al-Quds y el Comit\u00e9 del Pueblo \u00c1rabe Sirio para Apoyar al Pueblo Palestino y Resistir el Proyecto Sionista convocaron hoy a un acto de solidaridad frente a la sede\u00a0 del Comit\u00e9 Internacional de la Cruz Roja &hellip;<\/p>\n","protected":false},"author":32,"featured_media":288654,"comment_status":"closed","ping_status":"closed","sticky":false,"template":"","format":"standard","meta":{"footnotes":""},"categories":[477,597,476,7541],"tags":[],"class_list":["post-288650","post","type-post","status-publish","format-standard","has-post-thumbnail","","category-noticias-edulcorantes","category-cinta-de-noticias","category-locales","category-ultimas-noticias"],"_links":{"self":[{"href":"https:\/\/archive.sana.sy\/es\/index.php?rest_route=\/wp\/v2\/posts\/288650"}],"collection":[{"href":"https:\/\/archive.sana.sy\/es\/index.php?rest_route=\/wp\/v2\/posts"}],"about":[{"href":"https:\/\/archive.sana.sy\/es\/index.php?rest_route=\/wp\/v2\/types\/post"}],"author":[{"embeddable":true,"href":"https:\/\/archive.sana.sy\/es\/index.php?rest_route=\/wp\/v2\/users\/32"}],"replies":[{"embeddable":true,"href":"https:\/\/archive.sana.sy\/es\/index.php?rest_route=%2Fwp%2Fv2%2Fcomments&post=288650"}],"version-history":[{"count":0,"href":"https:\/\/archive.sana.sy\/es\/index.php?rest_route=\/wp\/v2\/posts\/288650\/revisions"}],"wp:featuredmedia":[{"embeddable":true,"href":"https:\/\/archive.sana.sy\/es\/index.php?rest_route=\/wp\/v2\/media\/288654"}],"wp:attachment":[{"href":"https:\/\/archive.sana.sy\/es\/index.php?rest_route=%2Fwp%2Fv2%2Fmedia&parent=288650"}],"wp:term":[{"taxonomy":"category","embeddable":true,"href":"https:\/\/archive.sana.sy\/es\/index.php?rest_route=%2Fwp%2Fv2%2Fcategories&post=288650"},{"taxonomy":"post_tag","embeddable":true,"href":"https:\/\/archive.sana.sy\/es\/index.php?rest_route=%2Fwp%2Fv2%2Ftags&post=288650"}],"curies":[{"name":"wp","href":"https:\/\/api.w.org\/{rel}","templated":true}]}}