{"id":288659,"date":"2023-02-23T17:08:09","date_gmt":"2023-02-23T14:08:09","guid":{"rendered":"https:\/\/sana.sy\/es\/?p=288659"},"modified":"2023-02-23T17:08:09","modified_gmt":"2023-02-23T14:08:09","slug":"siria-y-bielorrusia-repasan-vias-para-fortalecer-relaciones-de-cooperacion","status":"publish","type":"post","link":"https:\/\/archive.sana.sy\/es\/?p=288659","title":{"rendered":"Siria y Bielorrusia repasan v\u00edas para fortalecer relaciones de cooperaci\u00f3n"},"content":{"rendered":"<p style=\"text-align: justify;\"><span style=\"color: #800000;\"><strong>Alepo, 23 feb (SANA)\u00a0 \u00a0<\/strong><\/span>El gobernador de Alepo, Hussein Diab, repas\u00f3 con el Embajador de Belar\u00fas en Damasco, Yuri Sloka, formas para fortalecer las relaciones de cooperaci\u00f3n conjunta entre la Gobernaci\u00f3n de Alepo y las ciudades de Belar\u00fas.<\/p>\n<p style=\"text-align: justify;\">Las dos partes abordaron los desaf\u00edos que enfrentan los dos pa\u00edses, la situaci\u00f3n humanitaria y las acciones aplicadas por la gobernaci\u00f3n luego del terremoto que golpe\u00f3 Siria el pasado d\u00eda 6 de este mes.<\/p>\n<p style=\"text-align: justify;\">El gobernador destac\u00f3 las profundas relaciones entre los dos pa\u00edses y pueblos amigos, y la importancia de la coordinaci\u00f3n y cooperaci\u00f3n en muchos campos pol\u00edticos y econ\u00f3micos.<\/p>\n<p style=\"text-align: justify;\">Agradeci\u00f3 la iniciativa de Minsk de instalar un hospital de campa\u00f1a donde m\u00e9dicos bielorrusos ofrecen atenci\u00f3n m\u00e9dica a los afectados por el terremoto.<\/p>\n<p>Destac\u00f3 las posiciones del gobierno bielorruso durante la injusta guerra terrorista impuesta a Siria.<\/p>\n<p style=\"text-align: justify;\">Por su parte, el embajador de Bielorrusia ofreci\u00f3 sus condolencias por las v\u00edctimas del terremoto y subray\u00f3 las relaciones de cooperaci\u00f3n estrat\u00e9gica entre ambos pa\u00edses.<\/p>\n<p style=\"text-align: justify;\">ed\/fm<\/p>\n","protected":false},"excerpt":{"rendered":"<p>Alepo, 23 feb (SANA)\u00a0 \u00a0El gobernador de Alepo, Hussein Diab, repas\u00f3 con el Embajador de Belar\u00fas en Damasco, Yuri Sloka, formas para fortalecer las relaciones de cooperaci\u00f3n conjunta entre la Gobernaci\u00f3n de Alepo y las ciudades de Belar\u00fas. Las dos partes abordaron los desaf\u00edos que enfrentan los dos pa\u00edses, la situaci\u00f3n humanitaria y las acciones &hellip;<\/p>\n","protected":false},"author":32,"featured_media":288660,"comment_status":"closed","ping_status":"closed","sticky":false,"template":"","format":"standard","meta":{"footnotes":""},"categories":[477,597,476,7541],"tags":[],"class_list":["post-288659","post","type-post","status-publish","format-standard","has-post-thumbnail","","category-noticias-edulcorantes","category-cinta-de-noticias","category-locales","category-ultimas-noticias"],"_links":{"self":[{"href":"https:\/\/archive.sana.sy\/es\/index.php?rest_route=\/wp\/v2\/posts\/288659"}],"collection":[{"href":"https:\/\/archive.sana.sy\/es\/index.php?rest_route=\/wp\/v2\/posts"}],"about":[{"href":"https:\/\/archive.sana.sy\/es\/index.php?rest_route=\/wp\/v2\/types\/post"}],"author":[{"embeddable":true,"href":"https:\/\/archive.sana.sy\/es\/index.php?rest_route=\/wp\/v2\/users\/32"}],"replies":[{"embeddable":true,"href":"https:\/\/archive.sana.sy\/es\/index.php?rest_route=%2Fwp%2Fv2%2Fcomments&post=288659"}],"version-history":[{"count":0,"href":"https:\/\/archive.sana.sy\/es\/index.php?rest_route=\/wp\/v2\/posts\/288659\/revisions"}],"wp:featuredmedia":[{"embeddable":true,"href":"https:\/\/archive.sana.sy\/es\/index.php?rest_route=\/wp\/v2\/media\/288660"}],"wp:attachment":[{"href":"https:\/\/archive.sana.sy\/es\/index.php?rest_route=%2Fwp%2Fv2%2Fmedia&parent=288659"}],"wp:term":[{"taxonomy":"category","embeddable":true,"href":"https:\/\/archive.sana.sy\/es\/index.php?rest_route=%2Fwp%2Fv2%2Fcategories&post=288659"},{"taxonomy":"post_tag","embeddable":true,"href":"https:\/\/archive.sana.sy\/es\/index.php?rest_route=%2Fwp%2Fv2%2Ftags&post=288659"}],"curies":[{"name":"wp","href":"https:\/\/api.w.org\/{rel}","templated":true}]}}