{"id":288670,"date":"2023-02-23T17:44:43","date_gmt":"2023-02-23T14:44:43","guid":{"rendered":"https:\/\/sana.sy\/es\/?p=288670"},"modified":"2023-02-23T17:49:27","modified_gmt":"2023-02-23T14:49:27","slug":"protesta-en-favor-de-los-prisioneros-palestinos-frente-a-la-sede-del-cicr-en-siria-fotos","status":"publish","type":"post","link":"https:\/\/archive.sana.sy\/es\/?p=288670","title":{"rendered":"Protesta en favor de los prisioneros palestinos frente a la sede del CICR en Siria (+ fotos)"},"content":{"rendered":"<blockquote>\n<p style=\"text-align: justify;\"><strong>\u00a0\u201cEstas pr\u00e1cticas israel\u00edes no quebrar\u00e1n la voluntad de los presos que luchan por una causa justa, que es la libertad y la dignidad\u201d, aseguraron los manifestantes.<\/strong><\/p>\n<\/blockquote>\n<p style=\"text-align: justify;\"><span style=\"color: #800000;\"><strong>Damasco, 23 feb (SANA)<\/strong><\/span>\u00a0 \u00a0 Varias fuerzas y movimientos palestinos convocaron hoy a un acto de solidaridad frente a la sede del Comit\u00e9 Internacional de la Cruz Roja (CICR) en Damasco.<\/p>\n<p style=\"text-align: justify;\">Los participantes en el acto manifestaron la solidaridad con los prisioneros palestinos en las c\u00e1rceles del ocupante israel\u00ed y exigieron el levantamiento del injusto bloqueo a Siria.<\/p>\n<p style=\"text-align: justify;\">En una declaraci\u00f3n cuyo texto fue entregado a la delegaci\u00f3n del Comit\u00e9 Internacional de la Cruz Roja, los presentes pidieron levantar las medidas tomadas por las autoridades de ocupaci\u00f3n contra los prisioneros dentro de las c\u00e1rceles del ocupante.<\/p>\n<p style=\"text-align: justify;\">Manifestaron que estas acciones brutales contra los presos palestinos y privarlos de sus derechos m\u00e1s b\u00e1sicos de agua, pan y tratamiento, es una clara evidencia de las pr\u00e1cticas arbitrarias de Israel.<\/p>\n<p style=\"text-align: justify;\">\u201cEstas pr\u00e1cticas no quebrar\u00e1n la voluntad de los presos que luchan por una causa justa, que es la libertad y la dignidad\u201d, aseguraron.<\/p>\n<p style=\"text-align: justify;\">Instaron la comunidad internacional a poner fin al injusto bloqueo impuesto a Siria.<\/p>\n<p style=\"text-align: justify;\">\u201cSiria ha sufrido y sigue sufriendo del bloqueo y las medidas coercitivas unilaterales, y sigue enfrentando todos los complots e intrigas\u201d, indic\u00f3 el comunicado.<\/p>\n<p style=\"text-align: justify;\">Tras recibir la declaraci\u00f3n, el jefe adjunto de la delegaci\u00f3n del CICR en Siria, Sten Houben, dijo que su entidad tomar\u00e1 en cuenta los puntos mencionados y los compartir\u00e1 con los colegas interesados<\/p>\n<p style=\"text-align: justify;\">\u00a0fm\/ed<\/p>\n<div id='gallery-1' class='gallery galleryid-288670 gallery-columns-1 gallery-size-full'><figure class='gallery-item'>\n\t\t\t<div class='gallery-icon landscape'>\n\t\t\t\t<a href='https:\/\/archive.sana.sy\/es\/wp-content\/uploads\/2023\/02\/photo_2023-02-23_12-05-24-1.jpg'><img loading=\"lazy\" decoding=\"async\" width=\"1280\" height=\"775\" src=\"https:\/\/archive.sana.sy\/es\/wp-content\/uploads\/2023\/02\/photo_2023-02-23_12-05-24-1.jpg\" class=\"attachment-full size-full\" alt=\"\" srcset=\"https:\/\/archive.sana.sy\/es\/wp-content\/uploads\/2023\/02\/photo_2023-02-23_12-05-24-1.jpg 1280w, https:\/\/archive.sana.sy\/es\/wp-content\/uploads\/2023\/02\/photo_2023-02-23_12-05-24-1-300x182.jpg 300w, https:\/\/archive.sana.sy\/es\/wp-content\/uploads\/2023\/02\/photo_2023-02-23_12-05-24-1-1024x620.jpg 1024w, https:\/\/archive.sana.sy\/es\/wp-content\/uploads\/2023\/02\/photo_2023-02-23_12-05-24-1-150x91.jpg 150w, https:\/\/archive.sana.sy\/es\/wp-content\/uploads\/2023\/02\/photo_2023-02-23_12-05-24-1-768x465.jpg 768w\" sizes=\"(max-width: 1280px) 100vw, 1280px\" \/><\/a>\n\t\t\t<\/div><\/figure><figure class='gallery-item'>\n\t\t\t<div class='gallery-icon landscape'>\n\t\t\t\t<a href='https:\/\/archive.sana.sy\/es\/wp-content\/uploads\/2023\/02\/60-5-660x330-3.jpg'><img loading=\"lazy\" decoding=\"async\" width=\"660\" height=\"330\" src=\"https:\/\/archive.sana.sy\/es\/wp-content\/uploads\/2023\/02\/60-5-660x330-3.jpg\" class=\"attachment-full size-full\" alt=\"\" srcset=\"https:\/\/archive.sana.sy\/es\/wp-content\/uploads\/2023\/02\/60-5-660x330-3.jpg 660w, https:\/\/archive.sana.sy\/es\/wp-content\/uploads\/2023\/02\/60-5-660x330-3-300x150.jpg 300w, https:\/\/archive.sana.sy\/es\/wp-content\/uploads\/2023\/02\/60-5-660x330-3-150x75.jpg 150w\" sizes=\"(max-width: 660px) 100vw, 660px\" \/><\/a>\n\t\t\t<\/div><\/figure>\n\t\t<\/div>\n\n","protected":false},"excerpt":{"rendered":"<p>\u00a0\u201cEstas pr\u00e1cticas israel\u00edes no quebrar\u00e1n la voluntad de los presos que luchan por una causa justa, que es la libertad y la dignidad\u201d, aseguraron los manifestantes. Damasco, 23 feb (SANA)\u00a0 \u00a0 Varias fuerzas y movimientos palestinos convocaron hoy a un acto de solidaridad frente a la sede del Comit\u00e9 Internacional de la Cruz Roja (CICR) &hellip;<\/p>\n","protected":false},"author":32,"featured_media":288671,"comment_status":"closed","ping_status":"closed","sticky":false,"template":"","format":"standard","meta":{"footnotes":""},"categories":[477,597,476,583],"tags":[],"class_list":["post-288670","post","type-post","status-publish","format-standard","has-post-thumbnail","","category-noticias-edulcorantes","category-cinta-de-noticias","category-locales","category-slide"],"_links":{"self":[{"href":"https:\/\/archive.sana.sy\/es\/index.php?rest_route=\/wp\/v2\/posts\/288670"}],"collection":[{"href":"https:\/\/archive.sana.sy\/es\/index.php?rest_route=\/wp\/v2\/posts"}],"about":[{"href":"https:\/\/archive.sana.sy\/es\/index.php?rest_route=\/wp\/v2\/types\/post"}],"author":[{"embeddable":true,"href":"https:\/\/archive.sana.sy\/es\/index.php?rest_route=\/wp\/v2\/users\/32"}],"replies":[{"embeddable":true,"href":"https:\/\/archive.sana.sy\/es\/index.php?rest_route=%2Fwp%2Fv2%2Fcomments&post=288670"}],"version-history":[{"count":0,"href":"https:\/\/archive.sana.sy\/es\/index.php?rest_route=\/wp\/v2\/posts\/288670\/revisions"}],"wp:featuredmedia":[{"embeddable":true,"href":"https:\/\/archive.sana.sy\/es\/index.php?rest_route=\/wp\/v2\/media\/288671"}],"wp:attachment":[{"href":"https:\/\/archive.sana.sy\/es\/index.php?rest_route=%2Fwp%2Fv2%2Fmedia&parent=288670"}],"wp:term":[{"taxonomy":"category","embeddable":true,"href":"https:\/\/archive.sana.sy\/es\/index.php?rest_route=%2Fwp%2Fv2%2Fcategories&post=288670"},{"taxonomy":"post_tag","embeddable":true,"href":"https:\/\/archive.sana.sy\/es\/index.php?rest_route=%2Fwp%2Fv2%2Ftags&post=288670"}],"curies":[{"name":"wp","href":"https:\/\/api.w.org\/{rel}","templated":true}]}}