{"id":288778,"date":"2023-02-24T14:53:37","date_gmt":"2023-02-24T11:53:37","guid":{"rendered":"https:\/\/sana.sy\/es\/?p=288778"},"modified":"2023-02-24T14:53:37","modified_gmt":"2023-02-24T11:53:37","slug":"perdidas-de-las-fuerzas-ucranianas-en-un-ano-de-la-operacion-militar-especial-en-ucrania","status":"publish","type":"post","link":"https:\/\/archive.sana.sy\/es\/?p=288778","title":{"rendered":"P\u00e9rdidas de las fuerzas ucranianas en un a\u00f1o de la operaci\u00f3n militar especial en Ucrania"},"content":{"rendered":"<p style=\"text-align: justify;\"><span style=\"color: #800000;\"><strong>Mosc\u00fa, 24 feb (SANA)<\/strong><\/span> En su informe sobre la operaci\u00f3n militar especial en el territorio de Ucrania, el Ministerio de Defensa de Rusia inform\u00f3 que durante un a\u00f1o, 387 aviones de combate, 210 helic\u00f3pteros y 3.228 veh\u00edculos a\u00e9reos no tripulados fueron derribados.<\/p>\n<p style=\"text-align: justify;\">Agreg\u00f3 que 405 sistemas de misiles antia\u00e9reos, 8.011 tanques y otros tipos de veh\u00edculos blindados de combate fueron destruidos.<\/p>\n<p style=\"text-align: justify;\">Seg\u00fan el ente, fueron inutilizados tambi\u00e9n 1.044 veh\u00edculos de lanzacohetes, 4.205 piezas de artiller\u00eda y morteros y 8.518 unidades de veh\u00edculos militares especiales.<\/p>\n<p style=\"text-align: justify;\">fm<\/p>\n","protected":false},"excerpt":{"rendered":"<p>Mosc\u00fa, 24 feb (SANA) En su informe sobre la operaci\u00f3n militar especial en el territorio de Ucrania, el Ministerio de Defensa de Rusia inform\u00f3 que durante un a\u00f1o, 387 aviones de combate, 210 helic\u00f3pteros y 3.228 veh\u00edculos a\u00e9reos no tripulados fueron derribados. Agreg\u00f3 que 405 sistemas de misiles antia\u00e9reos, 8.011 tanques y otros tipos de &hellip;<\/p>\n","protected":false},"author":34,"featured_media":288779,"comment_status":"closed","ping_status":"closed","sticky":false,"template":"","format":"standard","meta":{"footnotes":""},"categories":[597,456,20724,7541],"tags":[6695,20357],"class_list":["post-288778","post","type-post","status-publish","format-standard","has-post-thumbnail","","category-cinta-de-noticias","category-arabe-internacional-politica","category-minuto-a-minuto","category-ultimas-noticias","tag-rusia","tag-ucrania"],"_links":{"self":[{"href":"https:\/\/archive.sana.sy\/es\/index.php?rest_route=\/wp\/v2\/posts\/288778"}],"collection":[{"href":"https:\/\/archive.sana.sy\/es\/index.php?rest_route=\/wp\/v2\/posts"}],"about":[{"href":"https:\/\/archive.sana.sy\/es\/index.php?rest_route=\/wp\/v2\/types\/post"}],"author":[{"embeddable":true,"href":"https:\/\/archive.sana.sy\/es\/index.php?rest_route=\/wp\/v2\/users\/34"}],"replies":[{"embeddable":true,"href":"https:\/\/archive.sana.sy\/es\/index.php?rest_route=%2Fwp%2Fv2%2Fcomments&post=288778"}],"version-history":[{"count":0,"href":"https:\/\/archive.sana.sy\/es\/index.php?rest_route=\/wp\/v2\/posts\/288778\/revisions"}],"wp:featuredmedia":[{"embeddable":true,"href":"https:\/\/archive.sana.sy\/es\/index.php?rest_route=\/wp\/v2\/media\/288779"}],"wp:attachment":[{"href":"https:\/\/archive.sana.sy\/es\/index.php?rest_route=%2Fwp%2Fv2%2Fmedia&parent=288778"}],"wp:term":[{"taxonomy":"category","embeddable":true,"href":"https:\/\/archive.sana.sy\/es\/index.php?rest_route=%2Fwp%2Fv2%2Fcategories&post=288778"},{"taxonomy":"post_tag","embeddable":true,"href":"https:\/\/archive.sana.sy\/es\/index.php?rest_route=%2Fwp%2Fv2%2Ftags&post=288778"}],"curies":[{"name":"wp","href":"https:\/\/api.w.org\/{rel}","templated":true}]}}