{"id":28882,"date":"2015-08-24T18:38:45","date_gmt":"2015-08-24T15:38:45","guid":{"rendered":"http:\/\/sana.sy\/es\/?p=28882"},"modified":"2015-08-24T21:18:13","modified_gmt":"2015-08-24T18:18:13","slug":"varios-martires-y-heridos-por-morterazos-en-alepo-y-damasco","status":"publish","type":"post","link":"https:\/\/archive.sana.sy\/es\/?p=28882","title":{"rendered":"Varios m\u00e1rtires y heridos por morterazos en Alepo y Damasco"},"content":{"rendered":"<p>Provincias-SANA<\/p>\n<p>Una fuente en la comandancia de la polic\u00eda inform\u00f3 que terroristas atrincherados en el barrio de Bani Zied, ciudad de Alepo, dispararon varios misiles contra el barrio de Khalidieh.<\/p>\n<p>La fuente agreg\u00f3 que los ataques terroristas causaron la muerte de dos ciudadanos y lesiones a otros dos, adem\u00e1s de provocar da\u00f1os materiales en las casas.<\/p>\n<p>La fuente se\u00f1al\u00f3 que las organizaciones terroristas tambi\u00e9n apuntaron contra la calle Nil y el barrio de Mokambu, \u00a0causando la muerte de 3 personas y lesiones a otras 6.<\/p>\n<p>Mientras en la capital, la fuente anunci\u00f3 que el impacto de un ob\u00fas en el barrio de Bab Touma dej\u00f3 heridas a 10 personas.<\/p>\n<p>De igual modo, la explosi\u00f3n de tres proyectiles de mortero en la calle Bagdad provoc\u00f3 lesiones a tres personas, seg\u00fan la fuente.<\/p>\n<p>La misma fuente dijo que otros tres proyectiles de mortero impactaron en la zona de Rikindin, lo que result\u00f3 en da\u00f1os materiales en una mezquita y en los lugares del impacto.<\/p>\n<p>Yamil K.<\/p>\n","protected":false},"excerpt":{"rendered":"<p>Provincias-SANA Una fuente en la comandancia de la polic\u00eda inform\u00f3 que terroristas atrincherados en el barrio de Bani Zied, ciudad de Alepo, dispararon varios misiles contra el barrio de Khalidieh. La fuente agreg\u00f3 que los ataques terroristas causaron la muerte de dos ciudadanos y lesiones a otros dos, adem\u00e1s de provocar da\u00f1os materiales en las &hellip;<\/p>\n","protected":false},"author":1,"featured_media":28481,"comment_status":"closed","ping_status":"closed","sticky":false,"template":"","format":"standard","meta":{"footnotes":""},"categories":[477,573,476],"tags":[],"class_list":["post-28882","post","type-post","status-publish","format-standard","has-post-thumbnail","","category-noticias-edulcorantes","category-la-realidad-de-los-acontecimientos-en-siria","category-locales"],"_links":{"self":[{"href":"https:\/\/archive.sana.sy\/es\/index.php?rest_route=\/wp\/v2\/posts\/28882"}],"collection":[{"href":"https:\/\/archive.sana.sy\/es\/index.php?rest_route=\/wp\/v2\/posts"}],"about":[{"href":"https:\/\/archive.sana.sy\/es\/index.php?rest_route=\/wp\/v2\/types\/post"}],"author":[{"embeddable":true,"href":"https:\/\/archive.sana.sy\/es\/index.php?rest_route=\/wp\/v2\/users\/1"}],"replies":[{"embeddable":true,"href":"https:\/\/archive.sana.sy\/es\/index.php?rest_route=%2Fwp%2Fv2%2Fcomments&post=28882"}],"version-history":[{"count":0,"href":"https:\/\/archive.sana.sy\/es\/index.php?rest_route=\/wp\/v2\/posts\/28882\/revisions"}],"wp:featuredmedia":[{"embeddable":true,"href":"https:\/\/archive.sana.sy\/es\/index.php?rest_route=\/wp\/v2\/media\/28481"}],"wp:attachment":[{"href":"https:\/\/archive.sana.sy\/es\/index.php?rest_route=%2Fwp%2Fv2%2Fmedia&parent=28882"}],"wp:term":[{"taxonomy":"category","embeddable":true,"href":"https:\/\/archive.sana.sy\/es\/index.php?rest_route=%2Fwp%2Fv2%2Fcategories&post=28882"},{"taxonomy":"post_tag","embeddable":true,"href":"https:\/\/archive.sana.sy\/es\/index.php?rest_route=%2Fwp%2Fv2%2Ftags&post=28882"}],"curies":[{"name":"wp","href":"https:\/\/api.w.org\/{rel}","templated":true}]}}