{"id":288846,"date":"2023-02-24T21:11:27","date_gmt":"2023-02-24T18:11:27","guid":{"rendered":"http:\/\/107.6.182.27\/es\/?p=288846"},"modified":"2023-02-24T21:11:27","modified_gmt":"2023-02-24T18:11:27","slug":"cuatro-palestinos-resultan-heridos-por-la-represion-israeli-en-gaza-y-cisjordania","status":"publish","type":"post","link":"https:\/\/archive.sana.sy\/es\/?p=288846","title":{"rendered":"Cuatro palestinos resultan heridos por la represi\u00f3n israel\u00ed en Gaza y Cisjordania"},"content":{"rendered":"<p style=\"text-align: justify;\"><strong><span style=\"color: #800000;\">Jerusal\u00e9n ocupada, 24 feb (SANA)<\/span><\/strong> Cuatro palestinos resultaron heridos hoy como resultado de un ataque de las fuerzas de ocupaci\u00f3n israel\u00edes en la sitiada Franja de Gaza.<\/p>\n<p style=\"text-align: justify;\">Seg\u00fan inform\u00f3 la agencia Wafa, las fuerzas de ocupaci\u00f3n dispararon desde sus posiciones en las torres militares en las afueras del este de la Franja contra los palestinos que participaban en manifestaciones de protesta contra los cr\u00edmenes del ocupante, en el sur y norte de la Franja.<\/p>\n<p style=\"text-align: justify;\">Como resultado, cuatro palestinos, incluido un ni\u00f1o, resultaron heridos y decenas sufrieron asfixias por las bombas de gas lacrim\u00f3genos, incluidos periodistas.<\/p>\n<p style=\"text-align: justify;\">Adem\u00e1s, dos palestinos resultaron heridos por represi\u00f3n israel\u00ed a una manifestaci\u00f3n contra los asentamientos en Hebr\u00f3n, Cisjordania.<\/p>\n<p style=\"text-align: justify;\">lch\/fm<\/p>\n","protected":false},"excerpt":{"rendered":"<p>Jerusal\u00e9n ocupada, 24 feb (SANA) Cuatro palestinos resultaron heridos hoy como resultado de un ataque de las fuerzas de ocupaci\u00f3n israel\u00edes en la sitiada Franja de Gaza. Seg\u00fan inform\u00f3 la agencia Wafa, las fuerzas de ocupaci\u00f3n dispararon desde sus posiciones en las torres militares en las afueras del este de la Franja contra los palestinos &hellip;<\/p>\n","protected":false},"author":41,"featured_media":288847,"comment_status":"closed","ping_status":"closed","sticky":false,"template":"","format":"standard","meta":{"footnotes":""},"categories":[456,16687],"tags":[],"class_list":["post-288846","post","type-post","status-publish","format-standard","has-post-thumbnail","","category-arabe-internacional-politica","category-internacionales"],"_links":{"self":[{"href":"https:\/\/archive.sana.sy\/es\/index.php?rest_route=\/wp\/v2\/posts\/288846"}],"collection":[{"href":"https:\/\/archive.sana.sy\/es\/index.php?rest_route=\/wp\/v2\/posts"}],"about":[{"href":"https:\/\/archive.sana.sy\/es\/index.php?rest_route=\/wp\/v2\/types\/post"}],"author":[{"embeddable":true,"href":"https:\/\/archive.sana.sy\/es\/index.php?rest_route=\/wp\/v2\/users\/41"}],"replies":[{"embeddable":true,"href":"https:\/\/archive.sana.sy\/es\/index.php?rest_route=%2Fwp%2Fv2%2Fcomments&post=288846"}],"version-history":[{"count":0,"href":"https:\/\/archive.sana.sy\/es\/index.php?rest_route=\/wp\/v2\/posts\/288846\/revisions"}],"wp:featuredmedia":[{"embeddable":true,"href":"https:\/\/archive.sana.sy\/es\/index.php?rest_route=\/wp\/v2\/media\/288847"}],"wp:attachment":[{"href":"https:\/\/archive.sana.sy\/es\/index.php?rest_route=%2Fwp%2Fv2%2Fmedia&parent=288846"}],"wp:term":[{"taxonomy":"category","embeddable":true,"href":"https:\/\/archive.sana.sy\/es\/index.php?rest_route=%2Fwp%2Fv2%2Fcategories&post=288846"},{"taxonomy":"post_tag","embeddable":true,"href":"https:\/\/archive.sana.sy\/es\/index.php?rest_route=%2Fwp%2Fv2%2Ftags&post=288846"}],"curies":[{"name":"wp","href":"https:\/\/api.w.org\/{rel}","templated":true}]}}