{"id":288850,"date":"2023-02-24T21:29:31","date_gmt":"2023-02-24T18:29:31","guid":{"rendered":"https:\/\/sana.sy\/es\/?p=288850"},"modified":"2023-02-24T21:29:31","modified_gmt":"2023-02-24T18:29:31","slug":"activistas-alemanes-se-manifiestan-en-contra-de-los-envios-de-municiones-a-ucrania","status":"publish","type":"post","link":"https:\/\/archive.sana.sy\/es\/?p=288850","title":{"rendered":"Activistas alemanes se manifiestan en contra de los env\u00edos de municiones a Ucrania"},"content":{"rendered":"<p style=\"text-align: justify;\"><span style=\"color: #800000;\"><strong>Berl\u00edn. 24 feb (SANA)\u00a0<\/strong><\/span> \u00a0 Se celebr\u00f3 en la ciudad alemana de Dresde este viernes una una concentraci\u00f3n masiva bajo el lema &#8216;Paz sin armas&#8217;, en protesta del env\u00edo de armas a Ukrania.<\/p>\n<p style=\"text-align: justify;\">Los participantes exigieron la cancelaci\u00f3n de los env\u00edos de carros de combate y armamento pesado a Ucrania, ya que esto no har\u00e1 m\u00e1s que agravar el conflicto.<\/p>\n<p style=\"text-align: justify;\">El 18 de febrero, una manifestaci\u00f3n similar se llev\u00f3 a cabo en la ciudad alemana, M\u00fanich, bajo el lema &#8216;Queremos la paz&#8217;.<\/p>\n<p style=\"text-align: justify;\">Rusia contin\u00faa desde el 24 de febrero de 2022 la operaci\u00f3n militar especial cuyo objetivo es desnazificar y desmilitarizar a Ucrania.<\/p>\n<p style=\"text-align: justify;\">El portavoz del Kremlin, Dmitri Peskov, declar\u00f3 que Rusia considera el env\u00edo de armas a Kiev como una implicaci\u00f3n directa de Occidente en el conflicto ucraniano.<\/p>\n<p style=\"text-align: justify;\">rr<\/p>\n","protected":false},"excerpt":{"rendered":"<p>Berl\u00edn. 24 feb (SANA)\u00a0 \u00a0 Se celebr\u00f3 en la ciudad alemana de Dresde este viernes una una concentraci\u00f3n masiva bajo el lema &#8216;Paz sin armas&#8217;, en protesta del env\u00edo de armas a Ukrania. Los participantes exigieron la cancelaci\u00f3n de los env\u00edos de carros de combate y armamento pesado a Ucrania, ya que esto no har\u00e1 &hellip;<\/p>\n","protected":false},"author":31,"featured_media":288851,"comment_status":"closed","ping_status":"closed","sticky":false,"template":"","format":"standard","meta":{"footnotes":""},"categories":[456,16687],"tags":[],"class_list":["post-288850","post","type-post","status-publish","format-standard","has-post-thumbnail","","category-arabe-internacional-politica","category-internacionales"],"_links":{"self":[{"href":"https:\/\/archive.sana.sy\/es\/index.php?rest_route=\/wp\/v2\/posts\/288850"}],"collection":[{"href":"https:\/\/archive.sana.sy\/es\/index.php?rest_route=\/wp\/v2\/posts"}],"about":[{"href":"https:\/\/archive.sana.sy\/es\/index.php?rest_route=\/wp\/v2\/types\/post"}],"author":[{"embeddable":true,"href":"https:\/\/archive.sana.sy\/es\/index.php?rest_route=\/wp\/v2\/users\/31"}],"replies":[{"embeddable":true,"href":"https:\/\/archive.sana.sy\/es\/index.php?rest_route=%2Fwp%2Fv2%2Fcomments&post=288850"}],"version-history":[{"count":0,"href":"https:\/\/archive.sana.sy\/es\/index.php?rest_route=\/wp\/v2\/posts\/288850\/revisions"}],"wp:featuredmedia":[{"embeddable":true,"href":"https:\/\/archive.sana.sy\/es\/index.php?rest_route=\/wp\/v2\/media\/288851"}],"wp:attachment":[{"href":"https:\/\/archive.sana.sy\/es\/index.php?rest_route=%2Fwp%2Fv2%2Fmedia&parent=288850"}],"wp:term":[{"taxonomy":"category","embeddable":true,"href":"https:\/\/archive.sana.sy\/es\/index.php?rest_route=%2Fwp%2Fv2%2Fcategories&post=288850"},{"taxonomy":"post_tag","embeddable":true,"href":"https:\/\/archive.sana.sy\/es\/index.php?rest_route=%2Fwp%2Fv2%2Ftags&post=288850"}],"curies":[{"name":"wp","href":"https:\/\/api.w.org\/{rel}","templated":true}]}}