{"id":288888,"date":"2023-02-25T10:30:18","date_gmt":"2023-02-25T07:30:18","guid":{"rendered":"https:\/\/sana.sy\/es\/?p=288888"},"modified":"2023-02-25T10:30:42","modified_gmt":"2023-02-25T07:30:42","slug":"inundaciones-en-brasil-cobran-la-vida-de-54-personas","status":"publish","type":"post","link":"https:\/\/archive.sana.sy\/es\/?p=288888","title":{"rendered":"Inundaciones en Brasil cobran la vida de 54 personas"},"content":{"rendered":"<p style=\"text-align: justify;\"><span style=\"color: #800000;\"><strong>S\u00e3o Paulo, 25 feb (SANA) <\/strong><\/span>54 personas perdieron la vida y otras treinta est\u00e1n desaparecidas en Brasil como consecuencia de las inundaciones y deslizamientos de tierra provocados por las lluvias torrenciales en el estado de S\u00e3o Paulo, en el sureste del pa\u00eds.<\/p>\n<p style=\"text-align: justify;\">Seg\u00fan difundi\u00f3 agencia de noticias AFP citando a las autoridades locales brasile\u00f1as: en 24 horas cayeron m\u00e1s de 680 mm de lluvia, o sea m\u00e1s del doble de la tasa mensual de precipitaci\u00f3n, en el municipio de Sao Sebasti\u00e3o en el Estado de S\u00e3o Paulo, capital econ\u00f3mica del pa\u00eds sudamericano.<\/p>\n<p style=\"text-align: justify;\">La oficina del gobernador del Estado de Sao Paulo infrom\u00f3 que actualmente, se confirm\u00f3 la muerte de 54 personas, incluidos ni\u00f1os y mujeres, por el desastre.<\/p>\n<p style=\"text-align: justify;\">Agreg\u00f3 que los equipos de rescate contin\u00faan buscando a unas 30 personas que a\u00fan est\u00e1n desaparecidas, y se\u00f1al\u00f3 que el derrumbe arras\u00f3 con una 50 viviendas, donde unas cuatro mil personas debieron abandonar sus casas.<\/p>\n<p style=\"text-align: justify;\">sm<\/p>\n","protected":false},"excerpt":{"rendered":"<p>S\u00e3o Paulo, 25 feb (SANA) 54 personas perdieron la vida y otras treinta est\u00e1n desaparecidas en Brasil como consecuencia de las inundaciones y deslizamientos de tierra provocados por las lluvias torrenciales en el estado de S\u00e3o Paulo, en el sureste del pa\u00eds. Seg\u00fan difundi\u00f3 agencia de noticias AFP citando a las autoridades locales brasile\u00f1as: en &hellip;<\/p>\n","protected":false},"author":39,"featured_media":288889,"comment_status":"closed","ping_status":"closed","sticky":false,"template":"","format":"standard","meta":{"footnotes":""},"categories":[597,456,16687,20724,7541],"tags":[],"class_list":["post-288888","post","type-post","status-publish","format-standard","has-post-thumbnail","","category-cinta-de-noticias","category-arabe-internacional-politica","category-internacionales","category-minuto-a-minuto","category-ultimas-noticias"],"_links":{"self":[{"href":"https:\/\/archive.sana.sy\/es\/index.php?rest_route=\/wp\/v2\/posts\/288888"}],"collection":[{"href":"https:\/\/archive.sana.sy\/es\/index.php?rest_route=\/wp\/v2\/posts"}],"about":[{"href":"https:\/\/archive.sana.sy\/es\/index.php?rest_route=\/wp\/v2\/types\/post"}],"author":[{"embeddable":true,"href":"https:\/\/archive.sana.sy\/es\/index.php?rest_route=\/wp\/v2\/users\/39"}],"replies":[{"embeddable":true,"href":"https:\/\/archive.sana.sy\/es\/index.php?rest_route=%2Fwp%2Fv2%2Fcomments&post=288888"}],"version-history":[{"count":0,"href":"https:\/\/archive.sana.sy\/es\/index.php?rest_route=\/wp\/v2\/posts\/288888\/revisions"}],"wp:featuredmedia":[{"embeddable":true,"href":"https:\/\/archive.sana.sy\/es\/index.php?rest_route=\/wp\/v2\/media\/288889"}],"wp:attachment":[{"href":"https:\/\/archive.sana.sy\/es\/index.php?rest_route=%2Fwp%2Fv2%2Fmedia&parent=288888"}],"wp:term":[{"taxonomy":"category","embeddable":true,"href":"https:\/\/archive.sana.sy\/es\/index.php?rest_route=%2Fwp%2Fv2%2Fcategories&post=288888"},{"taxonomy":"post_tag","embeddable":true,"href":"https:\/\/archive.sana.sy\/es\/index.php?rest_route=%2Fwp%2Fv2%2Ftags&post=288888"}],"curies":[{"name":"wp","href":"https:\/\/api.w.org\/{rel}","templated":true}]}}