{"id":288892,"date":"2023-02-25T11:43:10","date_gmt":"2023-02-25T08:43:10","guid":{"rendered":"https:\/\/sana.sy\/es\/?p=288892"},"modified":"2023-02-25T13:33:36","modified_gmt":"2023-02-25T10:33:36","slug":"antonov-nuevas-sanciones-de-washington-contra-moscu-son-temerarias","status":"publish","type":"post","link":"https:\/\/archive.sana.sy\/es\/?p=288892","title":{"rendered":"Antonov: Nuevas sanciones de Washington contra Mosc\u00fa son temerarias"},"content":{"rendered":"<p style=\"text-align: justify;\"><span style=\"color: #800000;\"><strong>Washington, 25 feb (SANA)\u00a0 \u00a0<\/strong><\/span>El embajador ruso en Washington, Anatoly Antonov, calific\u00f3 de temerarias las nuevas sanciones impuestas por Estados Unidos a Rusia, y asegur\u00f3 que \u00e9stas no llevar\u00e1n Mosc\u00fa a renunciar su pol\u00edtica independiente.<\/p>\n<p style=\"text-align: justify;\">\u201c\u00bfHay realmente quien cree que esta forma har\u00e1 que nuestro pa\u00eds renuncie su pol\u00edtica independiente y abandone el camino de la formaci\u00f3n de un mundo multipolar basado en el principio de la seguridad indivisible y la Carta de las Naciones Unidas?\u201d, difundi\u00f3 la agencia de noticias Tass citando al diplom\u00e1tico ruso al comentar sobre las sanciones econ\u00f3micas y personales contra Rusia y sus ciudadanos.<\/p>\n<p style=\"text-align: justify;\">Adem\u00e1s, el diplom\u00e1tico opin\u00f3 que la administraci\u00f3n estadounidense debe percatarse de que los nuevos env\u00edos de armas, como los anteriores, solo conducir\u00e1n a prolongar el conflicto y el derramamiento de sangre.<\/p>\n<p style=\"text-align: justify;\">sm\/fm<\/p>\n","protected":false},"excerpt":{"rendered":"<p>Washington, 25 feb (SANA)\u00a0 \u00a0El embajador ruso en Washington, Anatoly Antonov, calific\u00f3 de temerarias las nuevas sanciones impuestas por Estados Unidos a Rusia, y asegur\u00f3 que \u00e9stas no llevar\u00e1n Mosc\u00fa a renunciar su pol\u00edtica independiente. \u201c\u00bfHay realmente quien cree que esta forma har\u00e1 que nuestro pa\u00eds renuncie su pol\u00edtica independiente y abandone el camino de &hellip;<\/p>\n","protected":false},"author":39,"featured_media":288893,"comment_status":"closed","ping_status":"closed","sticky":false,"template":"","format":"standard","meta":{"footnotes":""},"categories":[597,456,16687,20724,7541],"tags":[],"class_list":["post-288892","post","type-post","status-publish","format-standard","has-post-thumbnail","","category-cinta-de-noticias","category-arabe-internacional-politica","category-internacionales","category-minuto-a-minuto","category-ultimas-noticias"],"_links":{"self":[{"href":"https:\/\/archive.sana.sy\/es\/index.php?rest_route=\/wp\/v2\/posts\/288892"}],"collection":[{"href":"https:\/\/archive.sana.sy\/es\/index.php?rest_route=\/wp\/v2\/posts"}],"about":[{"href":"https:\/\/archive.sana.sy\/es\/index.php?rest_route=\/wp\/v2\/types\/post"}],"author":[{"embeddable":true,"href":"https:\/\/archive.sana.sy\/es\/index.php?rest_route=\/wp\/v2\/users\/39"}],"replies":[{"embeddable":true,"href":"https:\/\/archive.sana.sy\/es\/index.php?rest_route=%2Fwp%2Fv2%2Fcomments&post=288892"}],"version-history":[{"count":0,"href":"https:\/\/archive.sana.sy\/es\/index.php?rest_route=\/wp\/v2\/posts\/288892\/revisions"}],"wp:featuredmedia":[{"embeddable":true,"href":"https:\/\/archive.sana.sy\/es\/index.php?rest_route=\/wp\/v2\/media\/288893"}],"wp:attachment":[{"href":"https:\/\/archive.sana.sy\/es\/index.php?rest_route=%2Fwp%2Fv2%2Fmedia&parent=288892"}],"wp:term":[{"taxonomy":"category","embeddable":true,"href":"https:\/\/archive.sana.sy\/es\/index.php?rest_route=%2Fwp%2Fv2%2Fcategories&post=288892"},{"taxonomy":"post_tag","embeddable":true,"href":"https:\/\/archive.sana.sy\/es\/index.php?rest_route=%2Fwp%2Fv2%2Ftags&post=288892"}],"curies":[{"name":"wp","href":"https:\/\/api.w.org\/{rel}","templated":true}]}}