{"id":288895,"date":"2023-02-25T11:54:52","date_gmt":"2023-02-25T08:54:52","guid":{"rendered":"https:\/\/sana.sy\/es\/?p=288895"},"modified":"2023-02-25T11:54:52","modified_gmt":"2023-02-25T08:54:52","slug":"presidente-de-la-union-del-parlamento-arabe-muhammad-al-halbousi-en-un-discurso-durante-la-34a-conferencia-de-la-union-celebrada-en-bagdad-insta-al-regreso-de-siria-a-su-entorno-arabe-y-llama-a-unif","status":"publish","type":"post","link":"https:\/\/archive.sana.sy\/es\/?p=288895","title":{"rendered":"Presidente de la Uni\u00f3n del Parlamento \u00c1rabe, Muhammad al-Halbousi, en un discurso durante la 34\u00aa conferencia de la Uni\u00f3n celebrada en Bagdad insta al regreso de Siria a su entorno \u00e1rabe y llama a unificar las filas y posiciones \u00e1rabes para afrontar todos los retos."},"content":{"rendered":"","protected":false},"excerpt":{"rendered":"","protected":false},"author":39,"featured_media":0,"comment_status":"closed","ping_status":"closed","sticky":false,"template":"","format":"standard","meta":{"footnotes":""},"categories":[597,596],"tags":[],"class_list":["post-288895","post","type-post","status-publish","format-standard","","category-cinta-de-noticias","category-urgente"],"_links":{"self":[{"href":"https:\/\/archive.sana.sy\/es\/index.php?rest_route=\/wp\/v2\/posts\/288895"}],"collection":[{"href":"https:\/\/archive.sana.sy\/es\/index.php?rest_route=\/wp\/v2\/posts"}],"about":[{"href":"https:\/\/archive.sana.sy\/es\/index.php?rest_route=\/wp\/v2\/types\/post"}],"author":[{"embeddable":true,"href":"https:\/\/archive.sana.sy\/es\/index.php?rest_route=\/wp\/v2\/users\/39"}],"replies":[{"embeddable":true,"href":"https:\/\/archive.sana.sy\/es\/index.php?rest_route=%2Fwp%2Fv2%2Fcomments&post=288895"}],"version-history":[{"count":0,"href":"https:\/\/archive.sana.sy\/es\/index.php?rest_route=\/wp\/v2\/posts\/288895\/revisions"}],"wp:attachment":[{"href":"https:\/\/archive.sana.sy\/es\/index.php?rest_route=%2Fwp%2Fv2%2Fmedia&parent=288895"}],"wp:term":[{"taxonomy":"category","embeddable":true,"href":"https:\/\/archive.sana.sy\/es\/index.php?rest_route=%2Fwp%2Fv2%2Fcategories&post=288895"},{"taxonomy":"post_tag","embeddable":true,"href":"https:\/\/archive.sana.sy\/es\/index.php?rest_route=%2Fwp%2Fv2%2Ftags&post=288895"}],"curies":[{"name":"wp","href":"https:\/\/api.w.org\/{rel}","templated":true}]}}