{"id":288897,"date":"2023-02-25T12:37:21","date_gmt":"2023-02-25T09:37:21","guid":{"rendered":"https:\/\/sana.sy\/es\/?p=288897"},"modified":"2023-02-25T17:25:02","modified_gmt":"2023-02-25T14:25:02","slug":"presidente-de-la-union-parlamentaria-arabe-llama-a-adoptar-decision-de-regreso-de-siria-a-su-entorno-arabe","status":"publish","type":"post","link":"https:\/\/archive.sana.sy\/es\/?p=288897","title":{"rendered":"Presidente de la Uni\u00f3n Parlamentaria \u00c1rabe llama al regreso de Siria a su entorno \u00e1rabe"},"content":{"rendered":"<p style=\"text-align: justify;\"><span style=\"color: #800000;\"><strong>Bagdad, 25 feb (SANA) <\/strong><\/span>La 34\u00aa Conferencia de la Uni\u00f3n Parlamentaria \u00c1rabe inici\u00f3 hoy en Bagdad, la capital iraqu\u00ed.<\/p>\n<p style=\"text-align: justify;\"><img loading=\"lazy\" decoding=\"async\" class=\"size-medium wp-image-288906 alignleft\" src=\"http:\/\/sana.sy\/es\/wp-content\/uploads\/2023\/02\/333-1-1-300x181.jpg\" alt=\"\" width=\"300\" height=\"181\" srcset=\"https:\/\/archive.sana.sy\/es\/wp-content\/uploads\/2023\/02\/333-1-1-300x181.jpg 300w, https:\/\/archive.sana.sy\/es\/wp-content\/uploads\/2023\/02\/333-1-1-150x90.jpg 150w, https:\/\/archive.sana.sy\/es\/wp-content\/uploads\/2023\/02\/333-1-1.jpg 660w\" sizes=\"(max-width: 300px) 100vw, 300px\" \/><\/p>\n<p style=\"text-align: justify;\">El presidente de la Uni\u00f3n Parlamentaria, Muhammad al-Halbousi, llam\u00f3 a los pa\u00edses \u00e1rabes a adoptar la decisi\u00f3n del regreso de Siria a su entorno \u00e1rabe, y unificar las filas y posiciones \u00e1rabes para afrontar todos los retos.<\/p>\n<p style=\"text-align: justify;\">Por su parte, el presidente del parlamento jordano, Ahmed Safadi, inst\u00f3, durante el evento a la vuelta de Damasco su entorno \u00e1rabe.<\/p>\n<p style=\"text-align: justify;\">\u201cSiria es el coraz\u00f3n palpitante de la naci\u00f3n \u00e1rabe y es s\u00edmbolo de su historia, gloria y civilizaci\u00f3n, y debe volver a ser miembro activo e influyente en el proceso de toma de decisiones \u00e1rabe y en las diversas instituciones&#8221;, dijo el jefe del parlamento jordano.<\/p>\n<p style=\"text-align: justify;\">Por su parte, el presidente del parlamento libio, Aguilah Saleh, expres\u00f3 sus condolencias al pueblo sirio por las v\u00edctimas del terremoto.<br \/>\n\u201cHago un llamado a los jefes de parlamentos y a los miembros de la Uni\u00f3n Interparlamentaria \u00c1rabe para que declaren su solidaridad y apoyo al pueblo sirio en su terrible experiencia, y para exigir el levantamiento del bloque que ha exacerbado su sufrimiento&#8221;, indic\u00f3.<\/p>\n<p style=\"text-align: justify;\">sm\/fm<\/p>\n","protected":false},"excerpt":{"rendered":"<p>Bagdad, 25 feb (SANA) La 34\u00aa Conferencia de la Uni\u00f3n Parlamentaria \u00c1rabe inici\u00f3 hoy en Bagdad, la capital iraqu\u00ed. El presidente de la Uni\u00f3n Parlamentaria, Muhammad al-Halbousi, llam\u00f3 a los pa\u00edses \u00e1rabes a adoptar la decisi\u00f3n del regreso de Siria a su entorno \u00e1rabe, y unificar las filas y posiciones \u00e1rabes para afrontar todos los &hellip;<\/p>\n","protected":false},"author":39,"featured_media":288903,"comment_status":"closed","ping_status":"closed","sticky":false,"template":"","format":"standard","meta":{"footnotes":""},"categories":[597,20724,467,7541],"tags":[],"class_list":["post-288897","post","type-post","status-publish","format-standard","has-post-thumbnail","","category-cinta-de-noticias","category-minuto-a-minuto","category-siria-y-el-mundo","category-ultimas-noticias"],"_links":{"self":[{"href":"https:\/\/archive.sana.sy\/es\/index.php?rest_route=\/wp\/v2\/posts\/288897"}],"collection":[{"href":"https:\/\/archive.sana.sy\/es\/index.php?rest_route=\/wp\/v2\/posts"}],"about":[{"href":"https:\/\/archive.sana.sy\/es\/index.php?rest_route=\/wp\/v2\/types\/post"}],"author":[{"embeddable":true,"href":"https:\/\/archive.sana.sy\/es\/index.php?rest_route=\/wp\/v2\/users\/39"}],"replies":[{"embeddable":true,"href":"https:\/\/archive.sana.sy\/es\/index.php?rest_route=%2Fwp%2Fv2%2Fcomments&post=288897"}],"version-history":[{"count":0,"href":"https:\/\/archive.sana.sy\/es\/index.php?rest_route=\/wp\/v2\/posts\/288897\/revisions"}],"wp:featuredmedia":[{"embeddable":true,"href":"https:\/\/archive.sana.sy\/es\/index.php?rest_route=\/wp\/v2\/media\/288903"}],"wp:attachment":[{"href":"https:\/\/archive.sana.sy\/es\/index.php?rest_route=%2Fwp%2Fv2%2Fmedia&parent=288897"}],"wp:term":[{"taxonomy":"category","embeddable":true,"href":"https:\/\/archive.sana.sy\/es\/index.php?rest_route=%2Fwp%2Fv2%2Fcategories&post=288897"},{"taxonomy":"post_tag","embeddable":true,"href":"https:\/\/archive.sana.sy\/es\/index.php?rest_route=%2Fwp%2Fv2%2Ftags&post=288897"}],"curies":[{"name":"wp","href":"https:\/\/api.w.org\/{rel}","templated":true}]}}