{"id":288914,"date":"2023-02-25T14:03:57","date_gmt":"2023-02-25T11:03:57","guid":{"rendered":"https:\/\/sana.sy\/es\/?p=288914"},"modified":"2023-02-25T14:04:39","modified_gmt":"2023-02-25T11:04:39","slug":"muere-un-bombero-por-explosion-de-una-mina-dejada-por-terroristas-en-alepo","status":"publish","type":"post","link":"https:\/\/archive.sana.sy\/es\/?p=288914","title":{"rendered":"Muere un bombero por explosi\u00f3n de una mina dejada por terroristas en Alepo"},"content":{"rendered":"<p style=\"text-align: justify;\"><span style=\"color: #800000;\"><strong>Alepo, 25 feb (SANA)\u00a0<\/strong> <\/span>Un bombero muri\u00f3 en la provincia de Alepo perdi\u00f3 la vida debido a la explosi\u00f3n de una mina terrestre dejada por terroristas mientras apagaba un incendio en una f\u00e1brica en la zona industrial de Al- Lairamoun.<\/p>\n<p style=\"text-align: justify;\">El general de la Brigada de Bomberos en la referida provincia, Mohsen Kanani, inform\u00f3 a SANA que mientras el mencionado bombero participaba en la extinci\u00f3n de un incendio en una f\u00e1brica en la localidad de Al- Lairamoun, una mina terrestre dejada por terroristas explot\u00f3 lo que provoc\u00f3 su muerte instant\u00e1nea.<\/p>\n<p style=\"text-align: justify;\">sm<strong>\u00a0<\/strong><\/p>\n<p style=\"text-align: justify;\"><strong>\u00a0<\/strong><\/p>\n<p style=\"text-align: justify;\"><strong>\u00a0<\/strong><\/p>\n<p style=\"text-align: justify;\">\n","protected":false},"excerpt":{"rendered":"<p>Alepo, 25 feb (SANA)\u00a0 Un bombero muri\u00f3 en la provincia de Alepo perdi\u00f3 la vida debido a la explosi\u00f3n de una mina terrestre dejada por terroristas mientras apagaba un incendio en una f\u00e1brica en la zona industrial de Al- Lairamoun. El general de la Brigada de Bomberos en la referida provincia, Mohsen Kanani, inform\u00f3 a &hellip;<\/p>\n","protected":false},"author":39,"featured_media":288921,"comment_status":"closed","ping_status":"closed","sticky":false,"template":"","format":"standard","meta":{"footnotes":""},"categories":[477,597,573,20724,476,7541],"tags":[],"class_list":["post-288914","post","type-post","status-publish","format-standard","has-post-thumbnail","","category-noticias-edulcorantes","category-cinta-de-noticias","category-la-realidad-de-los-acontecimientos-en-siria","category-minuto-a-minuto","category-locales","category-ultimas-noticias"],"_links":{"self":[{"href":"https:\/\/archive.sana.sy\/es\/index.php?rest_route=\/wp\/v2\/posts\/288914"}],"collection":[{"href":"https:\/\/archive.sana.sy\/es\/index.php?rest_route=\/wp\/v2\/posts"}],"about":[{"href":"https:\/\/archive.sana.sy\/es\/index.php?rest_route=\/wp\/v2\/types\/post"}],"author":[{"embeddable":true,"href":"https:\/\/archive.sana.sy\/es\/index.php?rest_route=\/wp\/v2\/users\/39"}],"replies":[{"embeddable":true,"href":"https:\/\/archive.sana.sy\/es\/index.php?rest_route=%2Fwp%2Fv2%2Fcomments&post=288914"}],"version-history":[{"count":0,"href":"https:\/\/archive.sana.sy\/es\/index.php?rest_route=\/wp\/v2\/posts\/288914\/revisions"}],"wp:featuredmedia":[{"embeddable":true,"href":"https:\/\/archive.sana.sy\/es\/index.php?rest_route=\/wp\/v2\/media\/288921"}],"wp:attachment":[{"href":"https:\/\/archive.sana.sy\/es\/index.php?rest_route=%2Fwp%2Fv2%2Fmedia&parent=288914"}],"wp:term":[{"taxonomy":"category","embeddable":true,"href":"https:\/\/archive.sana.sy\/es\/index.php?rest_route=%2Fwp%2Fv2%2Fcategories&post=288914"},{"taxonomy":"post_tag","embeddable":true,"href":"https:\/\/archive.sana.sy\/es\/index.php?rest_route=%2Fwp%2Fv2%2Ftags&post=288914"}],"curies":[{"name":"wp","href":"https:\/\/api.w.org\/{rel}","templated":true}]}}