{"id":288928,"date":"2023-02-25T15:11:10","date_gmt":"2023-02-25T12:11:10","guid":{"rendered":"https:\/\/sana.sy\/es\/?p=288928"},"modified":"2023-02-25T15:32:33","modified_gmt":"2023-02-25T12:32:33","slug":"ejercer-presiones-sobre-occidente-para-que-levante-su-bloqueo-a-siria-exige-el-presidente-del-parlamento","status":"publish","type":"post","link":"https:\/\/archive.sana.sy\/es\/?p=288928","title":{"rendered":"Ejercer presiones sobre Occidente para que levante su bloqueo a Siria, exige el Presidente del Parlamento"},"content":{"rendered":"<blockquote>\n<p style=\"text-align: justify;\"><span style=\"color: #800000;\"><em><strong>\u201cSiria ha atravesado durante los \u00faltimos a\u00f1os guerras, asedio y medidas coercitivas injustas, sin embargo, no cambi\u00f3 ni cambiar\u00e1 sus posiciones y principios de luchar para recuperar los derechos usurpados, el principal de los cuales es Gol\u00e1n \u00e1rabe sirio ocupado\u201d, subray\u00f3.<\/strong><\/em><\/span><\/p>\n<\/blockquote>\n<p style=\"text-align: justify;\"><strong>Bagdad, 25 feb (SANA)<\/strong> Las federaciones y \u00f3rganos parlamentarios regionales e internacionales y los Estados miembros de las Naciones Unidas est\u00e1n convocados para ejercer presi\u00f3n sobre los pa\u00edses occidentales para que levanten de inmediato sus medidas econ\u00f3micas injustas impuestas al pueblo sirio, afirm\u00f3 hoy el presidente de la Asamblea del Pueblo de Siria (parlamento), Hamouda Sabbagh.<\/p>\n<p style=\"text-align: justify;\"><img loading=\"lazy\" decoding=\"async\" class=\"size-medium wp-image-288930 alignleft\" src=\"http:\/\/sana.sy\/es\/wp-content\/uploads\/2023\/02\/1\u0634\u0633\u064a-188-660x330-1-300x150.jpg\" alt=\"\" width=\"300\" height=\"150\" srcset=\"https:\/\/archive.sana.sy\/es\/wp-content\/uploads\/2023\/02\/1\u0634\u0633\u064a-188-660x330-1-300x150.jpg 300w, https:\/\/archive.sana.sy\/es\/wp-content\/uploads\/2023\/02\/1\u0634\u0633\u064a-188-660x330-1-150x75.jpg 150w, https:\/\/archive.sana.sy\/es\/wp-content\/uploads\/2023\/02\/1\u0634\u0633\u064a-188-660x330-1.jpg 660w\" sizes=\"(max-width: 300px) 100vw, 300px\" \/><\/p>\n<p style=\"text-align: justify;\">En un discurso pronunciado durante la 34\u00aa Conferencia de la Uni\u00f3n Interparlamentaria \u00c1rabe que se celebra en la capital iraqu\u00ed, Bagdad, Sabbagh subray\u00f3 la necesidad de seguir coordinando, consolidando y construyendo sobre las relaciones parlamentarias \u00e1rabes para enfrentar juntos las fuerzas de dominaci\u00f3n, ocupaci\u00f3n y terrorismo.<\/p>\n<p style=\"text-align: justify;\">&#8220;Somos un pueblo que ha demostrado ser capaz de superar las pruebas dif\u00edciles, adem\u00e1s, nuestra batalla es una y nuestro destino tambi\u00e9n\u201d, precis\u00f3.<\/p>\n<p style=\"text-align: justify;\">El jefe del legislativo agradeci\u00f3 a todos los hermanos y amigos que durante los \u00faltimos d\u00edas, han expresado su profundo sentido de pertenencia al Arabismo y la hermandad al apoyar al pueblo sirio que sufri\u00f3 un devastador terremoto que azot\u00f3 varias provincias, provoc\u00f3 una gran cat\u00e1strofe humanitaria y dej\u00f3 miles de v\u00edctimas y heridos, y cuantiosas p\u00e9rdidas materiales.<\/p>\n<p style=\"text-align: justify;\">\u201cLo que profundiz\u00f3 la tragedia del pueblo sirio y provoc\u00f3 escasez de equipos y suministros necesarios para las operaciones de socorro y rescate y para hacer frente a los efectos del terremoto, son las medidas econ\u00f3micas coercitivas que los pa\u00edses occidentales impusieron a los sirios y afectaron todos los aspectos de la vida en lo econ\u00f3mico, social, educativo y de salud\u201d, asever\u00f3.<\/p>\n<p style=\"text-align: justify;\">Explic\u00f3 que en momentos en que Siria sanaba sus heridas y recib\u00eda condolencias, solidaridad y apoyo humanitario \u00e1rabe e internacional ante la tragedia del terremoto, Israel lanz\u00f3 una agresi\u00f3n a\u00e9rea en la madrugada del pasado domingo, que aterroriz\u00f3 a los civiles seguros dentro de los barrios residenciales en el coraz\u00f3n de la capital, Damasco, y provoc\u00f3 la muerte de muchos.<\/p>\n<p style=\"text-align: justify;\">\u201cSiria ha atravesado durante los \u00faltimos a\u00f1os guerras, asedio y medidas coercitivas injustas, sin embargo, no cambi\u00f3 ni cambiar\u00e1 sus posiciones y principios de luchar para recuperar los derechos usurpados, el principal de los cuales es Gol\u00e1n \u00e1rabe sirio ocupado\u201d, subray\u00f3.<\/p>\n<p style=\"text-align: justify;\">Enfatiz\u00f3 que la Palestina ocupada seguir\u00e1 siendo la causa central hasta la liberaci\u00f3n de todo su territorio y el establecimiento de su estado independiente y su capital, Jerusal\u00e9n.<\/p>\n<p style=\"text-align: justify;\">fm\/sm<\/p>\n","protected":false},"excerpt":{"rendered":"<p>\u201cSiria ha atravesado durante los \u00faltimos a\u00f1os guerras, asedio y medidas coercitivas injustas, sin embargo, no cambi\u00f3 ni cambiar\u00e1 sus posiciones y principios de luchar para recuperar los derechos usurpados, el principal de los cuales es Gol\u00e1n \u00e1rabe sirio ocupado\u201d, subray\u00f3. Bagdad, 25 feb (SANA) Las federaciones y \u00f3rganos parlamentarios regionales e internacionales y los &hellip;<\/p>\n","protected":false},"author":39,"featured_media":288943,"comment_status":"closed","ping_status":"closed","sticky":false,"template":"","format":"standard","meta":{"footnotes":""},"categories":[597,467,583],"tags":[],"class_list":["post-288928","post","type-post","status-publish","format-standard","has-post-thumbnail","","category-cinta-de-noticias","category-siria-y-el-mundo","category-slide"],"_links":{"self":[{"href":"https:\/\/archive.sana.sy\/es\/index.php?rest_route=\/wp\/v2\/posts\/288928"}],"collection":[{"href":"https:\/\/archive.sana.sy\/es\/index.php?rest_route=\/wp\/v2\/posts"}],"about":[{"href":"https:\/\/archive.sana.sy\/es\/index.php?rest_route=\/wp\/v2\/types\/post"}],"author":[{"embeddable":true,"href":"https:\/\/archive.sana.sy\/es\/index.php?rest_route=\/wp\/v2\/users\/39"}],"replies":[{"embeddable":true,"href":"https:\/\/archive.sana.sy\/es\/index.php?rest_route=%2Fwp%2Fv2%2Fcomments&post=288928"}],"version-history":[{"count":0,"href":"https:\/\/archive.sana.sy\/es\/index.php?rest_route=\/wp\/v2\/posts\/288928\/revisions"}],"wp:featuredmedia":[{"embeddable":true,"href":"https:\/\/archive.sana.sy\/es\/index.php?rest_route=\/wp\/v2\/media\/288943"}],"wp:attachment":[{"href":"https:\/\/archive.sana.sy\/es\/index.php?rest_route=%2Fwp%2Fv2%2Fmedia&parent=288928"}],"wp:term":[{"taxonomy":"category","embeddable":true,"href":"https:\/\/archive.sana.sy\/es\/index.php?rest_route=%2Fwp%2Fv2%2Fcategories&post=288928"},{"taxonomy":"post_tag","embeddable":true,"href":"https:\/\/archive.sana.sy\/es\/index.php?rest_route=%2Fwp%2Fv2%2Ftags&post=288928"}],"curies":[{"name":"wp","href":"https:\/\/api.w.org\/{rel}","templated":true}]}}