{"id":28893,"date":"2015-08-25T12:30:17","date_gmt":"2015-08-25T09:30:17","guid":{"rendered":"http:\/\/sana.sy\/es\/?p=28893"},"modified":"2015-08-25T12:30:17","modified_gmt":"2015-08-25T09:30:17","slug":"ki-moon-condena-los-actos-barbaricos-del-ei-en-palmira","status":"publish","type":"post","link":"https:\/\/archive.sana.sy\/es\/?p=28893","title":{"rendered":"Ki-Moon condena los actos barb\u00e1ricos del EI en Palmira"},"content":{"rendered":"<p><span style=\"color: #800000\">Naciones Unidas, SANA<\/span><\/p>\n<p>El Secretario General de las Naciones Unidas, Ban Ki-moon, conden\u00f3 el lunes los actos de barbarie cometidos por la organizaci\u00f3n terrorista del Estado Isl\u00e1mico (EI) en la ciudad de Palmira en el centro de Siria, donde los terroristas dinamitaron a uno de de los templos m\u00e1s importantes de esta antigua ciudad despu\u00e9s de una semana de decapitar al ex director de antig\u00fcedades y museos en la misma.<\/p>\n<p>La Organizaci\u00f3n de las Naciones Unidas para la Educaci\u00f3n, la Ciencia y la Cultura &#8220;UNESCO&#8221; calific\u00f3 la destrucci\u00f3n del templo Baal Shameen como un &#8220;crimen de guerra&#8221; y una grave p\u00e9rdida para la humanidad.<\/p>\n<p>La agencia AFP cit\u00f3 al secretario de la ONU diciendo en un comunicado, que &#8220;la destrucci\u00f3n de los sitios que figuran en la Lista del Patrimonio de la Humanidad se considera un crimen de guerra, llamando al mundo entero a la unidad y a actuar con rapidez para poner fin a esos actos terroristas.<\/p>\n<p><span style=\"color: #00ccff\">Fady M., Hala B.<\/span><\/p>\n","protected":false},"excerpt":{"rendered":"<p>Naciones Unidas, SANA El Secretario General de las Naciones Unidas, Ban Ki-moon, conden\u00f3 el lunes los actos de barbarie cometidos por la organizaci\u00f3n terrorista del Estado Isl\u00e1mico (EI) en la ciudad de Palmira en el centro de Siria, donde los terroristas dinamitaron a uno de de los templos m\u00e1s importantes de esta antigua ciudad despu\u00e9s &hellip;<\/p>\n","protected":false},"author":1,"featured_media":28894,"comment_status":"closed","ping_status":"closed","sticky":false,"template":"","format":"standard","meta":{"footnotes":""},"categories":[597,456,576],"tags":[6388],"class_list":["post-28893","post","type-post","status-publish","format-standard","has-post-thumbnail","","category-cinta-de-noticias","category-arabe-internacional-politica","category-noticias-politicas","tag-ki-moon-condena-los-actos-barbaricos-del-ei-en-palmira"],"_links":{"self":[{"href":"https:\/\/archive.sana.sy\/es\/index.php?rest_route=\/wp\/v2\/posts\/28893"}],"collection":[{"href":"https:\/\/archive.sana.sy\/es\/index.php?rest_route=\/wp\/v2\/posts"}],"about":[{"href":"https:\/\/archive.sana.sy\/es\/index.php?rest_route=\/wp\/v2\/types\/post"}],"author":[{"embeddable":true,"href":"https:\/\/archive.sana.sy\/es\/index.php?rest_route=\/wp\/v2\/users\/1"}],"replies":[{"embeddable":true,"href":"https:\/\/archive.sana.sy\/es\/index.php?rest_route=%2Fwp%2Fv2%2Fcomments&post=28893"}],"version-history":[{"count":0,"href":"https:\/\/archive.sana.sy\/es\/index.php?rest_route=\/wp\/v2\/posts\/28893\/revisions"}],"wp:featuredmedia":[{"embeddable":true,"href":"https:\/\/archive.sana.sy\/es\/index.php?rest_route=\/wp\/v2\/media\/28894"}],"wp:attachment":[{"href":"https:\/\/archive.sana.sy\/es\/index.php?rest_route=%2Fwp%2Fv2%2Fmedia&parent=28893"}],"wp:term":[{"taxonomy":"category","embeddable":true,"href":"https:\/\/archive.sana.sy\/es\/index.php?rest_route=%2Fwp%2Fv2%2Fcategories&post=28893"},{"taxonomy":"post_tag","embeddable":true,"href":"https:\/\/archive.sana.sy\/es\/index.php?rest_route=%2Fwp%2Fv2%2Ftags&post=28893"}],"curies":[{"name":"wp","href":"https:\/\/api.w.org\/{rel}","templated":true}]}}