{"id":288948,"date":"2023-02-25T15:58:59","date_gmt":"2023-02-25T12:58:59","guid":{"rendered":"http:\/\/107.6.182.27\/es\/?p=288948"},"modified":"2023-02-25T16:02:48","modified_gmt":"2023-02-25T13:02:48","slug":"la-otan-libra-una-guerra-proxy-en-ucrania-afirma-eurodiputado-irlandes","status":"publish","type":"post","link":"https:\/\/archive.sana.sy\/es\/?p=288948","title":{"rendered":"La OTAN libra una guerra proxy en Ucrania, afirma eurodiputado irland\u00e9s"},"content":{"rendered":"<blockquote>\n<p style=\"text-align: justify;\"><em><span style=\"color: #000000;\"><strong>\u201cLa mayor\u00eda de los pol\u00edticos y medios no quieren que termine esta guerra loca, y es hora para que la gente salga a las calles para protestar en su contra\u201d<\/strong><\/span><\/em><\/p>\n<\/blockquote>\n<p style=\"text-align: justify;\">Bruselas,25 feb (SANA) El eurodiputado irland\u00e9s Mick Wallace llam\u00f3 convoc\u00f3 a manifestaciones y protestas contra la &#8220;guerra proxy\u201d que libra EEUU y la OTAN en Ucrania.<\/p>\n<p style=\"text-align: justify;\">\u201cLa mayor\u00eda de los pol\u00edticos y medios no quieren que termine esta guerra loca, y es hora para que la gente salga a las calles para protestar en su contra\u201d, dijo el parlamentario citado por la agencia Novosti.<\/p>\n<p style=\"text-align: justify;\">Denunci\u00f3 las declaraciones de la presidenta de la Comisi\u00f3n Europea, Ursula von der Leyen, y del representante de la Uni\u00f3n Europea, Josep Borrell, que anunciaron nuevos planes de suministros militares al r\u00e9gimen de Kiev.<\/p>\n<p style=\"text-align: justify;\">\u00e7\u201cSon planes que contradicen los objetivos de una soluci\u00f3n pac\u00edfica del conflicto\u201d, manifest\u00f3.<\/p>\n<p style=\"text-align: justify;\">El d\u00eda 15 de este mes, Wallace calific\u00f3 de locura los suministros militares de Occidente a Ucrania.<\/p>\n<p style=\"text-align: justify;\">as\/fm<\/p>\n","protected":false},"excerpt":{"rendered":"<p>\u201cLa mayor\u00eda de los pol\u00edticos y medios no quieren que termine esta guerra loca, y es hora para que la gente salga a las calles para protestar en su contra\u201d Bruselas,25 feb (SANA) El eurodiputado irland\u00e9s Mick Wallace llam\u00f3 convoc\u00f3 a manifestaciones y protestas contra la &#8220;guerra proxy\u201d que libra EEUU y la OTAN en &hellip;<\/p>\n","protected":false},"author":42,"featured_media":288949,"comment_status":"closed","ping_status":"closed","sticky":false,"template":"","format":"standard","meta":{"footnotes":""},"categories":[597,456,16687,20724,7541],"tags":[],"class_list":["post-288948","post","type-post","status-publish","format-standard","has-post-thumbnail","","category-cinta-de-noticias","category-arabe-internacional-politica","category-internacionales","category-minuto-a-minuto","category-ultimas-noticias"],"_links":{"self":[{"href":"https:\/\/archive.sana.sy\/es\/index.php?rest_route=\/wp\/v2\/posts\/288948"}],"collection":[{"href":"https:\/\/archive.sana.sy\/es\/index.php?rest_route=\/wp\/v2\/posts"}],"about":[{"href":"https:\/\/archive.sana.sy\/es\/index.php?rest_route=\/wp\/v2\/types\/post"}],"author":[{"embeddable":true,"href":"https:\/\/archive.sana.sy\/es\/index.php?rest_route=\/wp\/v2\/users\/42"}],"replies":[{"embeddable":true,"href":"https:\/\/archive.sana.sy\/es\/index.php?rest_route=%2Fwp%2Fv2%2Fcomments&post=288948"}],"version-history":[{"count":0,"href":"https:\/\/archive.sana.sy\/es\/index.php?rest_route=\/wp\/v2\/posts\/288948\/revisions"}],"wp:featuredmedia":[{"embeddable":true,"href":"https:\/\/archive.sana.sy\/es\/index.php?rest_route=\/wp\/v2\/media\/288949"}],"wp:attachment":[{"href":"https:\/\/archive.sana.sy\/es\/index.php?rest_route=%2Fwp%2Fv2%2Fmedia&parent=288948"}],"wp:term":[{"taxonomy":"category","embeddable":true,"href":"https:\/\/archive.sana.sy\/es\/index.php?rest_route=%2Fwp%2Fv2%2Fcategories&post=288948"},{"taxonomy":"post_tag","embeddable":true,"href":"https:\/\/archive.sana.sy\/es\/index.php?rest_route=%2Fwp%2Fv2%2Ftags&post=288948"}],"curies":[{"name":"wp","href":"https:\/\/api.w.org\/{rel}","templated":true}]}}