{"id":288957,"date":"2023-02-25T16:13:58","date_gmt":"2023-02-25T13:13:58","guid":{"rendered":"http:\/\/107.6.182.27\/es\/?p=288957"},"modified":"2023-02-25T16:13:58","modified_gmt":"2023-02-25T13:13:58","slug":"directora-de-la-unesco-ofrece-condolencias-por-victimas-del-terremoto-en-siria","status":"publish","type":"post","link":"https:\/\/archive.sana.sy\/es\/?p=288957","title":{"rendered":"Directora de la UNESCO ofrece condolencias por v\u00edctimas del terremoto en Siria"},"content":{"rendered":"<blockquote>\n<p style=\"text-align: justify;\"><span style=\"color: #000000;\"><em><strong>Esta postura de Azoulay fue expresada tras recibir las cartas credenciales del embajador Louay Fallouh como Representante Permanente de la Rep\u00fablica \u00c1rabe Siria ante la UNESCO en la sede de la organizaci\u00f3n en Par\u00eds.<\/strong><\/em><\/span><\/p>\n<\/blockquote>\n<p style=\"text-align: justify;\"><span style=\"color: #800000;\"><strong>Paris, 25 feb (SANA)<\/strong> <\/span>La Directora General de la Organizaci\u00f3n de las Naciones Unidas para la Educaci\u00f3n, la Ciencia y la Cultura (UNESCO), Audrey Azoulay, expres\u00f3 sus condolencias al pueblo sirio por las v\u00edctimas del terremoto que asol\u00f3 Siria el pasado d\u00eda seis de este mes.<\/p>\n<p style=\"text-align: justify;\">Esta postura de Azoulay fue expresada tras recibir las cartas credenciales del embajador Louay Fallouh como Representante Permanente de la Rep\u00fablica \u00c1rabe Siria ante la UNESCO en la sede de la organizaci\u00f3n en Par\u00eds.<\/p>\n<p style=\"text-align: justify;\">La UNESCO est\u00e1 siguiendo de cerca las repercusiones causadas por el terremoto y envi\u00f3 una misi\u00f3n de la oficina regional en Beirut para evaluar los da\u00f1os que sufrieron las instituciones educativas y culturales y los sitios arqueol\u00f3gicos para proporcionar todo el apoyo posible, indic\u00f3.<\/p>\n<p style=\"text-align: justify;\">Por su parte, Fallouh manifest\u00f3 el inter\u00e9s de Siria por fortalecer las relaciones de cooperaci\u00f3n existentes con la UNESCO en todas las \u00e1reas que caen dentro de su mandato.<\/p>\n<p style=\"text-align: justify;\">Explic\u00f3 los esfuerzos realizados por el Gobierno sirio para enfrentar los actos terroristas que atentaron contra todas las instituciones sirias, incluidos los sitios educativos, culturales y arqueol\u00f3gicos.<\/p>\n<p style=\"text-align: justify;\">El embajador Fallouh se refiri\u00f3 a las repercusiones del terremoto que azot\u00f3 a Siria, que provoc\u00f3 graves da\u00f1os en la infraestructura y los sitios educativos y patrimoniales, algunos de los cuales est\u00e1n inscritos en la Lista del Patrimonio Mundial.<\/p>\n<p style=\"text-align: justify;\">Las ilegales medidas coercitivas occidentales impuestas a Siria, adem\u00e1s de la reciente agresi\u00f3n israel\u00ed que tuvo como objetivo un sitio arqueol\u00f3gico en la capital, Damasco, que forma parte del patrimonio cultural mundial, aumentaron las desastrosas repercusiones, denunci\u00f3 el representante sirio.<\/p>\n<p style=\"text-align: justify;\">fm\/as<\/p>\n","protected":false},"excerpt":{"rendered":"<p>Esta postura de Azoulay fue expresada tras recibir las cartas credenciales del embajador Louay Fallouh como Representante Permanente de la Rep\u00fablica \u00c1rabe Siria ante la UNESCO en la sede de la organizaci\u00f3n en Par\u00eds. Paris, 25 feb (SANA) La Directora General de la Organizaci\u00f3n de las Naciones Unidas para la Educaci\u00f3n, la Ciencia y la &hellip;<\/p>\n","protected":false},"author":42,"featured_media":288958,"comment_status":"closed","ping_status":"closed","sticky":false,"template":"","format":"standard","meta":{"footnotes":""},"categories":[597,456,16687,20724,7541],"tags":[],"class_list":["post-288957","post","type-post","status-publish","format-standard","has-post-thumbnail","","category-cinta-de-noticias","category-arabe-internacional-politica","category-internacionales","category-minuto-a-minuto","category-ultimas-noticias"],"_links":{"self":[{"href":"https:\/\/archive.sana.sy\/es\/index.php?rest_route=\/wp\/v2\/posts\/288957"}],"collection":[{"href":"https:\/\/archive.sana.sy\/es\/index.php?rest_route=\/wp\/v2\/posts"}],"about":[{"href":"https:\/\/archive.sana.sy\/es\/index.php?rest_route=\/wp\/v2\/types\/post"}],"author":[{"embeddable":true,"href":"https:\/\/archive.sana.sy\/es\/index.php?rest_route=\/wp\/v2\/users\/42"}],"replies":[{"embeddable":true,"href":"https:\/\/archive.sana.sy\/es\/index.php?rest_route=%2Fwp%2Fv2%2Fcomments&post=288957"}],"version-history":[{"count":0,"href":"https:\/\/archive.sana.sy\/es\/index.php?rest_route=\/wp\/v2\/posts\/288957\/revisions"}],"wp:featuredmedia":[{"embeddable":true,"href":"https:\/\/archive.sana.sy\/es\/index.php?rest_route=\/wp\/v2\/media\/288958"}],"wp:attachment":[{"href":"https:\/\/archive.sana.sy\/es\/index.php?rest_route=%2Fwp%2Fv2%2Fmedia&parent=288957"}],"wp:term":[{"taxonomy":"category","embeddable":true,"href":"https:\/\/archive.sana.sy\/es\/index.php?rest_route=%2Fwp%2Fv2%2Fcategories&post=288957"},{"taxonomy":"post_tag","embeddable":true,"href":"https:\/\/archive.sana.sy\/es\/index.php?rest_route=%2Fwp%2Fv2%2Ftags&post=288957"}],"curies":[{"name":"wp","href":"https:\/\/api.w.org\/{rel}","templated":true}]}}