{"id":288960,"date":"2023-02-25T17:40:26","date_gmt":"2023-02-25T14:40:26","guid":{"rendered":"http:\/\/107.6.182.27\/es\/?p=288960"},"modified":"2023-02-25T17:40:26","modified_gmt":"2023-02-25T14:40:26","slug":"deportistas-de-hasakeh-exigen-levantamiento-del-bloqueo-impuesto-a-siria","status":"publish","type":"post","link":"https:\/\/archive.sana.sy\/es\/?p=288960","title":{"rendered":"Deportistas de Hasakeh exigen levantamiento del bloqueo impuesto a Siria"},"content":{"rendered":"<blockquote>\n<p style=\"text-align: justify;\"><span style=\"color: #000000;\"><em><strong>Los presentes llamaron a los pa\u00edses del mundo y a todos los que tienen sentido humano a contribuir a levantar el cerco para que el pueblo sirio pueda vivir en paz y ejercer su vida normal.<\/strong><\/em><\/span><\/p>\n<\/blockquote>\n<p style=\"text-align: justify;\"><span style=\"color: #800000;\"><strong>Hasakeh, 25 feb (SANA)<\/strong> <\/span>El Comit\u00e9 Ejecutivo de la filial de la Federaci\u00f3n Deportiva en la provincia nororiental siria de Hasakeh organiz\u00f3 hoy una protesta para exigir el levantamiento del bloqueo impuesto a Siria.<\/p>\n<p style=\"text-align: justify;\">Los participantes en el acto levantaron pancartas con frases que denuncian el injusto bloqueo impuesto a Siria, y llamaron a todas las personas libres en el mundo a denunciar el asedio y trabajar para levantarlo, teniendo en cuenta las repercusiones del devastador terremoto en varias gobernaciones sirias.<\/p>\n<p style=\"text-align: justify;\">\u201cHacemos un llamado, a trav\u00e9s de este acto, a levantar el injusto asedio impuesto a Siria y su pueblo, que tiene derecho a vivir como el resto de los pueblos del mundo\u201d, dijo el jefe del Comit\u00e9 Ejecutivo de la filial de la Federaci\u00f3n Deportiva, Raymond Doshi.<\/p>\n<p style=\"text-align: justify;\">Los presentes llamaron a los pa\u00edses del mundo y a todos los que tienen sentido humano a contribuir a levantar el cerco para que el pueblo sirio pueda vivir en paz y ejercer su vida normal.<\/p>\n<p style=\"text-align: justify;\">Sheikh Mizar Al-Muslat, uno de los jefes de la tribu Jabour, afirm\u00f3 que los clanes y tribus sirios apoyan los esfuerzos de romper el brutal asedio.<\/p>\n<p style=\"text-align: justify;\">fm\/as<\/p>\n","protected":false},"excerpt":{"rendered":"<p>Los presentes llamaron a los pa\u00edses del mundo y a todos los que tienen sentido humano a contribuir a levantar el cerco para que el pueblo sirio pueda vivir en paz y ejercer su vida normal. Hasakeh, 25 feb (SANA) El Comit\u00e9 Ejecutivo de la filial de la Federaci\u00f3n Deportiva en la provincia nororiental siria &hellip;<\/p>\n","protected":false},"author":42,"featured_media":288962,"comment_status":"closed","ping_status":"closed","sticky":false,"template":"","format":"standard","meta":{"footnotes":""},"categories":[597,20724,476,16688,7541],"tags":[],"class_list":["post-288960","post","type-post","status-publish","format-standard","has-post-thumbnail","","category-cinta-de-noticias","category-minuto-a-minuto","category-locales","category-nacionales","category-ultimas-noticias"],"_links":{"self":[{"href":"https:\/\/archive.sana.sy\/es\/index.php?rest_route=\/wp\/v2\/posts\/288960"}],"collection":[{"href":"https:\/\/archive.sana.sy\/es\/index.php?rest_route=\/wp\/v2\/posts"}],"about":[{"href":"https:\/\/archive.sana.sy\/es\/index.php?rest_route=\/wp\/v2\/types\/post"}],"author":[{"embeddable":true,"href":"https:\/\/archive.sana.sy\/es\/index.php?rest_route=\/wp\/v2\/users\/42"}],"replies":[{"embeddable":true,"href":"https:\/\/archive.sana.sy\/es\/index.php?rest_route=%2Fwp%2Fv2%2Fcomments&post=288960"}],"version-history":[{"count":0,"href":"https:\/\/archive.sana.sy\/es\/index.php?rest_route=\/wp\/v2\/posts\/288960\/revisions"}],"wp:featuredmedia":[{"embeddable":true,"href":"https:\/\/archive.sana.sy\/es\/index.php?rest_route=\/wp\/v2\/media\/288962"}],"wp:attachment":[{"href":"https:\/\/archive.sana.sy\/es\/index.php?rest_route=%2Fwp%2Fv2%2Fmedia&parent=288960"}],"wp:term":[{"taxonomy":"category","embeddable":true,"href":"https:\/\/archive.sana.sy\/es\/index.php?rest_route=%2Fwp%2Fv2%2Fcategories&post=288960"},{"taxonomy":"post_tag","embeddable":true,"href":"https:\/\/archive.sana.sy\/es\/index.php?rest_route=%2Fwp%2Fv2%2Ftags&post=288960"}],"curies":[{"name":"wp","href":"https:\/\/api.w.org\/{rel}","templated":true}]}}