{"id":288990,"date":"2023-02-25T19:46:13","date_gmt":"2023-02-25T16:46:13","guid":{"rendered":"https:\/\/sana.sy\/es\/?p=288990"},"modified":"2023-02-25T19:46:13","modified_gmt":"2023-02-25T16:46:13","slug":"gobierno-sirio-aprueba-plan-de-accion-nacional-para-hacer-frente-las-repercusiones-del-terremoto","status":"publish","type":"post","link":"https:\/\/archive.sana.sy\/es\/?p=288990","title":{"rendered":"Gobierno sirio aprueba plan de acci\u00f3n nacional para hacer frente las repercusiones del terremoto"},"content":{"rendered":"<blockquote>\n<p style=\"text-align: justify;\"><strong>El Estado estudia todas las propuestas para indemnizar a los afectados, y se\u00f1al\u00f3 que los da\u00f1os que se produjeron a ra\u00edz del terremoto son muy grandes y afectaron a varios sectores y a miles de edificaciones.<\/strong><\/p>\n<\/blockquote>\n<p style=\"text-align: justify;\"><span style=\"color: #800000;\"><strong>Damasco, 25 feb (SANA)\u00a0 \u00a0<\/strong><\/span>El Consejo de Ministros, encabezado por Hussein Arnous, aprob\u00f3 este s\u00e1bado un plan de acci\u00f3n nacional a corto, mediano y largo plazo para enfrentar las repercusiones del terremoto en varios sectores, garantizar las necesidades de los afectados y establecer los mecanismos para la recuperaci\u00f3n econ\u00f3mica y social en las \u00e1reas afectadas en el pa\u00eds.<\/p>\n<p style=\"text-align: justify;\">Arnous destac\u00f3 la necesidad de coordinarse con todos los empresarios, sociedades civiles, sindicatos, federaciones y la comunidad local para llevar a cabo este plan nacional.<\/p>\n<p style=\"text-align: justify;\">Explic\u00f3 que el Estado estudia todas las propuestas para indemnizar a los afectados, y se\u00f1al\u00f3 que los da\u00f1os que se produjeron a ra\u00edz del terremoto son muy grandes y afectaron a varios sectores y a miles de edificaciones.<\/p>\n<p style=\"text-align: justify;\">El plan nacional presentado por los comit\u00e9s ministeriales (servicios e infraestructura, desarrollo humano y econ\u00f3mico, recursos y energ\u00eda) incluy\u00f3 apoyar los medios de vida y los servicios b\u00e1sicos en las \u00e1reas afectadas y garantizar las condiciones para las familias afectadas.<\/p>\n<p style=\"text-align: justify;\">Tambi\u00e9n, incluy\u00f3 la evaluaci\u00f3n de la situaci\u00f3n actual de las represas, la rehabilitaci\u00f3n de escuelas, hospitales, redes de agua y electricidad, y el tratamiento inmediato de da\u00f1os en carreteras, muros de contenci\u00f3n y centros vitales en cooperaci\u00f3n con organismos internacionales.<\/p>\n<p style=\"text-align: justify;\">El plan favorece a las empresas constructoras p\u00fablicas en la ejecuci\u00f3n de proyectos de rehabilitaci\u00f3n de la infraestructura da\u00f1ada y en la construcci\u00f3n de viviendas.<\/p>\n<p style=\"text-align: justify;\">rr\/fm<\/p>\n","protected":false},"excerpt":{"rendered":"<p>El Estado estudia todas las propuestas para indemnizar a los afectados, y se\u00f1al\u00f3 que los da\u00f1os que se produjeron a ra\u00edz del terremoto son muy grandes y afectaron a varios sectores y a miles de edificaciones. Damasco, 25 feb (SANA)\u00a0 \u00a0El Consejo de Ministros, encabezado por Hussein Arnous, aprob\u00f3 este s\u00e1bado un plan de acci\u00f3n &hellip;<\/p>\n","protected":false},"author":31,"featured_media":288991,"comment_status":"closed","ping_status":"closed","sticky":false,"template":"","format":"standard","meta":{"footnotes":""},"categories":[597,476,7541],"tags":[],"class_list":["post-288990","post","type-post","status-publish","format-standard","has-post-thumbnail","","category-cinta-de-noticias","category-locales","category-ultimas-noticias"],"_links":{"self":[{"href":"https:\/\/archive.sana.sy\/es\/index.php?rest_route=\/wp\/v2\/posts\/288990"}],"collection":[{"href":"https:\/\/archive.sana.sy\/es\/index.php?rest_route=\/wp\/v2\/posts"}],"about":[{"href":"https:\/\/archive.sana.sy\/es\/index.php?rest_route=\/wp\/v2\/types\/post"}],"author":[{"embeddable":true,"href":"https:\/\/archive.sana.sy\/es\/index.php?rest_route=\/wp\/v2\/users\/31"}],"replies":[{"embeddable":true,"href":"https:\/\/archive.sana.sy\/es\/index.php?rest_route=%2Fwp%2Fv2%2Fcomments&post=288990"}],"version-history":[{"count":0,"href":"https:\/\/archive.sana.sy\/es\/index.php?rest_route=\/wp\/v2\/posts\/288990\/revisions"}],"wp:featuredmedia":[{"embeddable":true,"href":"https:\/\/archive.sana.sy\/es\/index.php?rest_route=\/wp\/v2\/media\/288991"}],"wp:attachment":[{"href":"https:\/\/archive.sana.sy\/es\/index.php?rest_route=%2Fwp%2Fv2%2Fmedia&parent=288990"}],"wp:term":[{"taxonomy":"category","embeddable":true,"href":"https:\/\/archive.sana.sy\/es\/index.php?rest_route=%2Fwp%2Fv2%2Fcategories&post=288990"},{"taxonomy":"post_tag","embeddable":true,"href":"https:\/\/archive.sana.sy\/es\/index.php?rest_route=%2Fwp%2Fv2%2Ftags&post=288990"}],"curies":[{"name":"wp","href":"https:\/\/api.w.org\/{rel}","templated":true}]}}