{"id":288993,"date":"2023-02-25T21:39:01","date_gmt":"2023-02-25T18:39:01","guid":{"rendered":"https:\/\/sana.sy\/es\/?p=288993"},"modified":"2023-02-25T21:39:01","modified_gmt":"2023-02-25T18:39:01","slug":"organizan-acto-de-solidaridad-con-siria-en-suecia","status":"publish","type":"post","link":"https:\/\/archive.sana.sy\/es\/?p=288993","title":{"rendered":"Organizan acto de solidaridad con Siria en Suecia"},"content":{"rendered":"<p style=\"text-align: justify;\"><span style=\"color: #800000;\"><strong>Estocolmo, 25 feb (SANA)\u00a0 \u00a0 <\/strong><\/span>La Comisi\u00f3n de Solidaridad con Siria convoc\u00f3 a un acto solidario con el pueblo sirio en la capital sueca, Estocolmo, al cual asistieron expatriados sirios y \u00e1rabes, y activistas solidarios.<\/p>\n<p style=\"text-align: justify;\">Durante el evento, se pronunci\u00f3 un comunicado en el que los participantes exigieron el levantamiento de las sanciones occidentales unilaterales impuestas a Siria que enfrenta desde hace m\u00e1s de 12 a\u00f1os a terroristas apoyados por Estados Unidos y pa\u00edses occidentales.<\/p>\n<p style=\"text-align: justify;\">El comunicado indic\u00f3 que el trabajo de socorro que es necesario tras el devastador terremoto, se ha vuelto m\u00e1s dif\u00edcil debido a estas sanciones occidentales que impiden la llegada de ayuda que mitigar\u00eda los efectos y repercusiones del terremoto.<\/p>\n<p style=\"text-align: justify;\">Los participantes pidieron tambi\u00e9n al gobierno sueco que no brinde ninguna asistencia a las milicias separatistas en Siria, que est\u00e1 sufriendo a causa de las pol\u00edticas occidentales.<\/p>\n<p style=\"text-align: justify;\">rr\/fm<\/p>\n<p>&nbsp;<\/p>\n<div id='gallery-1' class='gallery galleryid-288993 gallery-columns-1 gallery-size-full'><figure class='gallery-item'>\n\t\t\t<div class='gallery-icon landscape'>\n\t\t\t\t<a href='https:\/\/archive.sana.sy\/es\/wp-content\/uploads\/2023\/02\/photo_2023-02-25_19-13-44-copy.jpg'><img loading=\"lazy\" decoding=\"async\" width=\"660\" height=\"401\" src=\"https:\/\/archive.sana.sy\/es\/wp-content\/uploads\/2023\/02\/photo_2023-02-25_19-13-44-copy.jpg\" class=\"attachment-full size-full\" alt=\"\" srcset=\"https:\/\/archive.sana.sy\/es\/wp-content\/uploads\/2023\/02\/photo_2023-02-25_19-13-44-copy.jpg 660w, https:\/\/archive.sana.sy\/es\/wp-content\/uploads\/2023\/02\/photo_2023-02-25_19-13-44-copy-300x182.jpg 300w, https:\/\/archive.sana.sy\/es\/wp-content\/uploads\/2023\/02\/photo_2023-02-25_19-13-44-copy-150x91.jpg 150w\" sizes=\"(max-width: 660px) 100vw, 660px\" \/><\/a>\n\t\t\t<\/div><\/figure>\n\t\t<\/div>\n\n","protected":false},"excerpt":{"rendered":"<p>Estocolmo, 25 feb (SANA)\u00a0 \u00a0 La Comisi\u00f3n de Solidaridad con Siria convoc\u00f3 a un acto solidario con el pueblo sirio en la capital sueca, Estocolmo, al cual asistieron expatriados sirios y \u00e1rabes, y activistas solidarios. Durante el evento, se pronunci\u00f3 un comunicado en el que los participantes exigieron el levantamiento de las sanciones occidentales unilaterales &hellip;<\/p>\n","protected":false},"author":31,"featured_media":288994,"comment_status":"closed","ping_status":"closed","sticky":false,"template":"","format":"standard","meta":{"footnotes":""},"categories":[597,467,7541],"tags":[],"class_list":["post-288993","post","type-post","status-publish","format-standard","has-post-thumbnail","","category-cinta-de-noticias","category-siria-y-el-mundo","category-ultimas-noticias"],"_links":{"self":[{"href":"https:\/\/archive.sana.sy\/es\/index.php?rest_route=\/wp\/v2\/posts\/288993"}],"collection":[{"href":"https:\/\/archive.sana.sy\/es\/index.php?rest_route=\/wp\/v2\/posts"}],"about":[{"href":"https:\/\/archive.sana.sy\/es\/index.php?rest_route=\/wp\/v2\/types\/post"}],"author":[{"embeddable":true,"href":"https:\/\/archive.sana.sy\/es\/index.php?rest_route=\/wp\/v2\/users\/31"}],"replies":[{"embeddable":true,"href":"https:\/\/archive.sana.sy\/es\/index.php?rest_route=%2Fwp%2Fv2%2Fcomments&post=288993"}],"version-history":[{"count":0,"href":"https:\/\/archive.sana.sy\/es\/index.php?rest_route=\/wp\/v2\/posts\/288993\/revisions"}],"wp:featuredmedia":[{"embeddable":true,"href":"https:\/\/archive.sana.sy\/es\/index.php?rest_route=\/wp\/v2\/media\/288994"}],"wp:attachment":[{"href":"https:\/\/archive.sana.sy\/es\/index.php?rest_route=%2Fwp%2Fv2%2Fmedia&parent=288993"}],"wp:term":[{"taxonomy":"category","embeddable":true,"href":"https:\/\/archive.sana.sy\/es\/index.php?rest_route=%2Fwp%2Fv2%2Fcategories&post=288993"},{"taxonomy":"post_tag","embeddable":true,"href":"https:\/\/archive.sana.sy\/es\/index.php?rest_route=%2Fwp%2Fv2%2Ftags&post=288993"}],"curies":[{"name":"wp","href":"https:\/\/api.w.org\/{rel}","templated":true}]}}