{"id":28900,"date":"2015-08-25T12:51:16","date_gmt":"2015-08-25T09:51:16","guid":{"rendered":"http:\/\/sana.sy\/es\/?p=28900"},"modified":"2015-08-25T12:51:16","modified_gmt":"2015-08-25T09:51:16","slug":"erdogan-viola-la-constitucion-de-su-pais-y-convoca-oficialmente-a-elecciones-legislativas-anticipadas","status":"publish","type":"post","link":"https:\/\/archive.sana.sy\/es\/?p=28900","title":{"rendered":"Erdogan viola la constituci\u00f3n de su pa\u00eds y convoca oficialmente a elecciones legislativas anticipadas"},"content":{"rendered":"<p><span style=\"color: #800000\">Ankara, SANA<\/span><\/p>\n<p>El presidente del r\u00e9gimen gobernante en Turqu\u00eda, Recep Erdogan, viol\u00f3 la Constituci\u00f3n turca y decidi\u00f3 convocar a elecciones legislativas anticipadas.<\/p>\n<p>Kamal Kelihdar Ihsanoglu, l\u00edder del Partido Republicano del Pueblo de Turqu\u00eda, hab\u00eda advertido el lunes que las intenciones de Erdogan para organizar elecciones anticipadas son un intento de llevar a cabo un &#8220;golpe de Estado civil&#8221; despu\u00e9s de haber frustrado intencionalmente las consultas para la formaci\u00f3n de un gobierno de coalici\u00f3n tras la derrota de su partido de Justicia y Desarrollo en las elecciones legislativas que tuvieron lugar el pasado mes de junio y la p\u00e9rdida de la mayor\u00eda parlamentaria que le permite formar un gobierno.<\/p>\n<p>Un comunicado de la Oficina de Prensa de Erdogan citado por la Agencia France-Presse, justific\u00f3 la convocatoria a elecciones anticipadas con el fracaso de los contactos que han tenido lugar desde el nueve de julio para &#8220;la formaci\u00f3n de un gobierno&#8221; en momentos en que los partidos turcos criticaron la ignorancia de Erdogan al el segundo partido en el parlamento.<\/p>\n<p><span style=\"color: #00ccff\">Fady M., Hala B.<\/span><\/p>\n","protected":false},"excerpt":{"rendered":"<p>Ankara, SANA El presidente del r\u00e9gimen gobernante en Turqu\u00eda, Recep Erdogan, viol\u00f3 la Constituci\u00f3n turca y decidi\u00f3 convocar a elecciones legislativas anticipadas. Kamal Kelihdar Ihsanoglu, l\u00edder del Partido Republicano del Pueblo de Turqu\u00eda, hab\u00eda advertido el lunes que las intenciones de Erdogan para organizar elecciones anticipadas son un intento de llevar a cabo un &#8220;golpe &hellip;<\/p>\n","protected":false},"author":1,"featured_media":28901,"comment_status":"closed","ping_status":"closed","sticky":false,"template":"","format":"standard","meta":{"footnotes":""},"categories":[456,576],"tags":[6390],"class_list":["post-28900","post","type-post","status-publish","format-standard","has-post-thumbnail","","category-arabe-internacional-politica","category-noticias-politicas","tag-erdogan-viola-la-constitucion-de-su-pais-y-convoca-oficialmente-a-elecciones-legislativas-anticipadas"],"_links":{"self":[{"href":"https:\/\/archive.sana.sy\/es\/index.php?rest_route=\/wp\/v2\/posts\/28900"}],"collection":[{"href":"https:\/\/archive.sana.sy\/es\/index.php?rest_route=\/wp\/v2\/posts"}],"about":[{"href":"https:\/\/archive.sana.sy\/es\/index.php?rest_route=\/wp\/v2\/types\/post"}],"author":[{"embeddable":true,"href":"https:\/\/archive.sana.sy\/es\/index.php?rest_route=\/wp\/v2\/users\/1"}],"replies":[{"embeddable":true,"href":"https:\/\/archive.sana.sy\/es\/index.php?rest_route=%2Fwp%2Fv2%2Fcomments&post=28900"}],"version-history":[{"count":0,"href":"https:\/\/archive.sana.sy\/es\/index.php?rest_route=\/wp\/v2\/posts\/28900\/revisions"}],"wp:featuredmedia":[{"embeddable":true,"href":"https:\/\/archive.sana.sy\/es\/index.php?rest_route=\/wp\/v2\/media\/28901"}],"wp:attachment":[{"href":"https:\/\/archive.sana.sy\/es\/index.php?rest_route=%2Fwp%2Fv2%2Fmedia&parent=28900"}],"wp:term":[{"taxonomy":"category","embeddable":true,"href":"https:\/\/archive.sana.sy\/es\/index.php?rest_route=%2Fwp%2Fv2%2Fcategories&post=28900"},{"taxonomy":"post_tag","embeddable":true,"href":"https:\/\/archive.sana.sy\/es\/index.php?rest_route=%2Fwp%2Fv2%2Ftags&post=28900"}],"curies":[{"name":"wp","href":"https:\/\/api.w.org\/{rel}","templated":true}]}}