{"id":289030,"date":"2023-02-26T12:56:57","date_gmt":"2023-02-26T09:56:57","guid":{"rendered":"https:\/\/sana.sy\/es\/?p=289030"},"modified":"2023-02-26T12:56:57","modified_gmt":"2023-02-26T09:56:57","slug":"50-000-personas-se-manifiestan-en-berlin-contra-del-envio-de-armas-a-ucrania","status":"publish","type":"post","link":"https:\/\/archive.sana.sy\/es\/?p=289030","title":{"rendered":"50.000 personas se manifiestan en Berl\u00edn contra del env\u00edo de armas a Ucrania"},"content":{"rendered":"<blockquote>\n<p style=\"text-align: justify;\"><strong>La concentraci\u00f3n, que recibi\u00f3 el nombre de &#8216;Rebeli\u00f3n por la Paz&#8217;, fue convocada por la parlamentaria de izquierda Sahra Wagenknecht y la activista por los derechos de la mujer Alice Schwarzer, seg\u00fan indic\u00f3 el diario Berliner Zeitung.<\/strong><\/p>\n<\/blockquote>\n<p style=\"text-align: justify;\">\n<span style=\"color: #800000;\"><strong>Berl\u00edn, 26 feb (SANA)\u00a0<\/strong><\/span> Miles de personas se congregaron en la Puerta de Brandemburgo de Berl\u00edn para protestar en contra del env\u00edo de armas a Ucrania y a favor de las negociaciones de paz entre Mosc\u00fa y Kiev, difundi\u00f3 la cadena RT.<\/p>\n<p style=\"text-align: justify;\"><img loading=\"lazy\" decoding=\"async\" class=\" wp-image-289032 alignleft\" src=\"http:\/\/sana.sy\/es\/wp-content\/uploads\/2023\/02\/photo_2023-02-26_12-45-01-300x169.jpg\" alt=\"\" width=\"307\" height=\"173\" srcset=\"https:\/\/archive.sana.sy\/es\/wp-content\/uploads\/2023\/02\/photo_2023-02-26_12-45-01-300x169.jpg 300w, https:\/\/archive.sana.sy\/es\/wp-content\/uploads\/2023\/02\/photo_2023-02-26_12-45-01-1024x577.jpg 1024w, https:\/\/archive.sana.sy\/es\/wp-content\/uploads\/2023\/02\/photo_2023-02-26_12-45-01-150x85.jpg 150w, https:\/\/archive.sana.sy\/es\/wp-content\/uploads\/2023\/02\/photo_2023-02-26_12-45-01-768x433.jpg 768w, https:\/\/archive.sana.sy\/es\/wp-content\/uploads\/2023\/02\/photo_2023-02-26_12-45-01.jpg 1104w\" sizes=\"(max-width: 307px) 100vw, 307px\" \/>La concentraci\u00f3n, que recibi\u00f3 el nombre de &#8216;Rebeli\u00f3n por la Paz&#8217;, fue convocada por la parlamentaria de izquierda Sahra Wagenknecht y la activista por los derechos de la mujer Alice Schwarzer, seg\u00fan indic\u00f3 el diario Berliner Zeitung.<\/p>\n<p style=\"text-align: justify;\">El n\u00famero de participantes ascendi\u00f3 a casi 50.000, de acuerdo con los organizadores del evento. Sin embargo, la Polic\u00eda berlinesa comunic\u00f3 que se congregaron cerca de 13.000 personas.<\/p>\n<p style=\"text-align: justify;\">fm\/ed<\/p>\n","protected":false},"excerpt":{"rendered":"<p>La concentraci\u00f3n, que recibi\u00f3 el nombre de &#8216;Rebeli\u00f3n por la Paz&#8217;, fue convocada por la parlamentaria de izquierda Sahra Wagenknecht y la activista por los derechos de la mujer Alice Schwarzer, seg\u00fan indic\u00f3 el diario Berliner Zeitung. Berl\u00edn, 26 feb (SANA)\u00a0 Miles de personas se congregaron en la Puerta de Brandemburgo de Berl\u00edn para protestar &hellip;<\/p>\n","protected":false},"author":32,"featured_media":289031,"comment_status":"closed","ping_status":"closed","sticky":false,"template":"","format":"standard","meta":{"footnotes":""},"categories":[597,456,16687,7541],"tags":[],"class_list":["post-289030","post","type-post","status-publish","format-standard","has-post-thumbnail","","category-cinta-de-noticias","category-arabe-internacional-politica","category-internacionales","category-ultimas-noticias"],"_links":{"self":[{"href":"https:\/\/archive.sana.sy\/es\/index.php?rest_route=\/wp\/v2\/posts\/289030"}],"collection":[{"href":"https:\/\/archive.sana.sy\/es\/index.php?rest_route=\/wp\/v2\/posts"}],"about":[{"href":"https:\/\/archive.sana.sy\/es\/index.php?rest_route=\/wp\/v2\/types\/post"}],"author":[{"embeddable":true,"href":"https:\/\/archive.sana.sy\/es\/index.php?rest_route=\/wp\/v2\/users\/32"}],"replies":[{"embeddable":true,"href":"https:\/\/archive.sana.sy\/es\/index.php?rest_route=%2Fwp%2Fv2%2Fcomments&post=289030"}],"version-history":[{"count":0,"href":"https:\/\/archive.sana.sy\/es\/index.php?rest_route=\/wp\/v2\/posts\/289030\/revisions"}],"wp:featuredmedia":[{"embeddable":true,"href":"https:\/\/archive.sana.sy\/es\/index.php?rest_route=\/wp\/v2\/media\/289031"}],"wp:attachment":[{"href":"https:\/\/archive.sana.sy\/es\/index.php?rest_route=%2Fwp%2Fv2%2Fmedia&parent=289030"}],"wp:term":[{"taxonomy":"category","embeddable":true,"href":"https:\/\/archive.sana.sy\/es\/index.php?rest_route=%2Fwp%2Fv2%2Fcategories&post=289030"},{"taxonomy":"post_tag","embeddable":true,"href":"https:\/\/archive.sana.sy\/es\/index.php?rest_route=%2Fwp%2Fv2%2Ftags&post=289030"}],"curies":[{"name":"wp","href":"https:\/\/api.w.org\/{rel}","templated":true}]}}