{"id":289042,"date":"2023-02-26T13:56:03","date_gmt":"2023-02-26T10:56:03","guid":{"rendered":"https:\/\/sana.sy\/es\/?p=289042"},"modified":"2023-02-26T14:37:46","modified_gmt":"2023-02-26T11:37:46","slug":"arnous-recibe-dos-mensajes-de-condolencias-de-sus-homologos-de-malasia-y-sri-lanka","status":"publish","type":"post","link":"https:\/\/archive.sana.sy\/es\/?p=289042","title":{"rendered":"Arnous recibe dos mensajes de condolencias de sus hom\u00f3logos de Malasia y Sri Lanka"},"content":{"rendered":"<p style=\"text-align: justify;\"><strong><span style=\"color: #800000;\">Damasco, 26 feb (SANA)<\/span>\u00a0<\/strong> \u00a0 El primer ministro Hussein Arnous, recibi\u00f3 mensaje de condolencias por las v\u00edctimas del terremoto del primer ministro de Malasia, Anwar Ibrahim, quien expres\u00f3 su tristeza y solidaridad con el pueblo sirio y con las familias de las v\u00edctimas, y dese\u00f3 a los heridos una pronta recuperaci\u00f3n.<\/p>\n<p style=\"text-align: justify;\">\u201cMe dirijo en nombre del gobierno de Malasia y su pueblo para expresar nuestro m\u00e1s sentido p\u00e9same a las familias de las v\u00edctimas&#8221;, dijo Ibrahim.<\/p>\n<p style=\"text-align: justify;\">Malasia est\u00e1 lista para brindar cualquier asistencia en los esfuerzos de socorro, y el gobierno se ha comprometido a ofrecer un mill\u00f3n en apoyo inmediato a los esfuerzos de socorro, agreg\u00f3.<\/p>\n<p style=\"text-align: justify;\">El gobierno de Malasia tambi\u00e9n recauda fondos a trav\u00e9s del Fondo de Gesti\u00f3n de Desastres del Ministerio de Relaciones Exteriores de Malasia, en el marco de la solidaridad con el pueblo sirio, se\u00f1al\u00f3 Ibrahim.<\/p>\n<p style=\"text-align: justify;\">Afirm\u00f3 que las mezquitas en Malasia tambi\u00e9n organizan campa\u00f1as de recaudaci\u00f3n de fondos por todos los afectados por este terremoto.<\/p>\n<p style=\"text-align: justify;\">Asimismo, Arnous recibi\u00f3 otro telegrama de condolencias del primer ministro de Sri Lanka, Danish Gnawardina.<\/p>\n<p style=\"text-align: justify;\">Estoy profundamente entristecido por el devastador terremoto que azot\u00f3 a Siria, dijo Gnawardina.<\/p>\n<p style=\"text-align: justify;\">Expres\u00f3 su compromiso de brindar ayuda y apoyo durante este momento dif\u00edcil.<\/p>\n<p style=\"text-align: justify;\">ed\/fm<\/p>\n","protected":false},"excerpt":{"rendered":"<p>Damasco, 26 feb (SANA)\u00a0 \u00a0 El primer ministro Hussein Arnous, recibi\u00f3 mensaje de condolencias por las v\u00edctimas del terremoto del primer ministro de Malasia, Anwar Ibrahim, quien expres\u00f3 su tristeza y solidaridad con el pueblo sirio y con las familias de las v\u00edctimas, y dese\u00f3 a los heridos una pronta recuperaci\u00f3n. \u201cMe dirijo en nombre &hellip;<\/p>\n","protected":false},"author":32,"featured_media":289043,"comment_status":"closed","ping_status":"closed","sticky":false,"template":"","format":"standard","meta":{"footnotes":""},"categories":[597,467,7541],"tags":[],"class_list":["post-289042","post","type-post","status-publish","format-standard","has-post-thumbnail","","category-cinta-de-noticias","category-siria-y-el-mundo","category-ultimas-noticias"],"_links":{"self":[{"href":"https:\/\/archive.sana.sy\/es\/index.php?rest_route=\/wp\/v2\/posts\/289042"}],"collection":[{"href":"https:\/\/archive.sana.sy\/es\/index.php?rest_route=\/wp\/v2\/posts"}],"about":[{"href":"https:\/\/archive.sana.sy\/es\/index.php?rest_route=\/wp\/v2\/types\/post"}],"author":[{"embeddable":true,"href":"https:\/\/archive.sana.sy\/es\/index.php?rest_route=\/wp\/v2\/users\/32"}],"replies":[{"embeddable":true,"href":"https:\/\/archive.sana.sy\/es\/index.php?rest_route=%2Fwp%2Fv2%2Fcomments&post=289042"}],"version-history":[{"count":0,"href":"https:\/\/archive.sana.sy\/es\/index.php?rest_route=\/wp\/v2\/posts\/289042\/revisions"}],"wp:featuredmedia":[{"embeddable":true,"href":"https:\/\/archive.sana.sy\/es\/index.php?rest_route=\/wp\/v2\/media\/289043"}],"wp:attachment":[{"href":"https:\/\/archive.sana.sy\/es\/index.php?rest_route=%2Fwp%2Fv2%2Fmedia&parent=289042"}],"wp:term":[{"taxonomy":"category","embeddable":true,"href":"https:\/\/archive.sana.sy\/es\/index.php?rest_route=%2Fwp%2Fv2%2Fcategories&post=289042"},{"taxonomy":"post_tag","embeddable":true,"href":"https:\/\/archive.sana.sy\/es\/index.php?rest_route=%2Fwp%2Fv2%2Ftags&post=289042"}],"curies":[{"name":"wp","href":"https:\/\/api.w.org\/{rel}","templated":true}]}}