{"id":289045,"date":"2023-02-26T14:30:26","date_gmt":"2023-02-26T11:30:26","guid":{"rendered":"https:\/\/sana.sy\/es\/?p=289045"},"modified":"2023-02-26T17:49:58","modified_gmt":"2023-02-26T14:49:58","slug":"presidente-al-assad-recibe-en-damasco-a-una-delegacion-de-parlamentarios-arabes","status":"publish","type":"post","link":"https:\/\/archive.sana.sy\/es\/?p=289045","title":{"rendered":"Presidente Al-Assad recibe en Damasco a una delegaci\u00f3n de parlamentarios \u00e1rabes"},"content":{"rendered":"<blockquote>\n<p style=\"text-align: justify;\"><span style=\"color: #993300;\"><strong>La delegaci\u00f3n est\u00e1 confirmada por Muhammad al-Halbousi, el Presidente de la Uni\u00f3n Interparlamentaria \u00c1rabe y los jefes de los parlamentos de Emiratos \u00c1rabes Unidos, Jordania, Palestina, Libia y Egipto, Sultanato de Om\u00e1n y L\u00edbano y el Secretario General de la Uni\u00f3n Interparlamentaria \u00c1rabe.<\/strong><\/span><\/p>\n<\/blockquote>\n<p style=\"text-align: justify;\"><span style=\"color: #800000;\"><strong>Damasco, 26 feb (SANA)\u00a0 <\/strong><\/span>El presidente de Siria, Bashar al Assad, recibi\u00f3 hoy a una delegaci\u00f3n conformada por los presidentes de parlamentos \u00e1rabes que participaron en la conferencia de la Uni\u00f3n Interparlamentaria \u00c1rabe que se celebr\u00f3 la v\u00edspera en Bagdad, Iraq.<\/p>\n<p style=\"text-align: justify;\">Los diputados y senadores que componen la delegaci\u00f3n manifestaron su total respaldo al Estado Sirio en estas condiciones dif\u00edciles que atraviesa el pa\u00eds tras el devastador terremoto.<\/p>\n<p style=\"text-align: justify;\">La delegaci\u00f3n est\u00e1 confirmada por Muhammad al-Halbousi, el presidente de la Uni\u00f3n Interparlamentaria \u00c1rabe y los jefes de los parlamentos de Emiratos \u00c1rabes Unidos, Jordania, Palestina, Libia y Egipto, Sultanato de Om\u00e1n y L\u00edbano y el Secretario General de la Uni\u00f3n Interparlamentaria \u00c1rabe.<\/p>\n<div id='gallery-1' class='gallery galleryid-289045 gallery-columns-1 gallery-size-full'><figure class='gallery-item'>\n\t\t\t<div class='gallery-icon landscape'>\n\t\t\t\t<a href='https:\/\/archive.sana.sy\/es\/wp-content\/uploads\/2023\/02\/photo_2023-02-26_14-04-23.jpg'><img loading=\"lazy\" decoding=\"async\" width=\"1280\" height=\"1092\" src=\"https:\/\/archive.sana.sy\/es\/wp-content\/uploads\/2023\/02\/photo_2023-02-26_14-04-23.jpg\" class=\"attachment-full size-full\" alt=\"\" srcset=\"https:\/\/archive.sana.sy\/es\/wp-content\/uploads\/2023\/02\/photo_2023-02-26_14-04-23.jpg 1280w, https:\/\/archive.sana.sy\/es\/wp-content\/uploads\/2023\/02\/photo_2023-02-26_14-04-23-300x256.jpg 300w, https:\/\/archive.sana.sy\/es\/wp-content\/uploads\/2023\/02\/photo_2023-02-26_14-04-23-1024x874.jpg 1024w, https:\/\/archive.sana.sy\/es\/wp-content\/uploads\/2023\/02\/photo_2023-02-26_14-04-23-150x128.jpg 150w, https:\/\/archive.sana.sy\/es\/wp-content\/uploads\/2023\/02\/photo_2023-02-26_14-04-23-768x655.jpg 768w\" sizes=\"(max-width: 1280px) 100vw, 1280px\" \/><\/a>\n\t\t\t<\/div><\/figure><figure class='gallery-item'>\n\t\t\t<div class='gallery-icon landscape'>\n\t\t\t\t<a href='https:\/\/archive.sana.sy\/es\/wp-content\/uploads\/2023\/02\/photo_2023-02-26_14-04-24.jpg'><img loading=\"lazy\" decoding=\"async\" width=\"1280\" height=\"773\" src=\"https:\/\/archive.sana.sy\/es\/wp-content\/uploads\/2023\/02\/photo_2023-02-26_14-04-24.jpg\" class=\"attachment-full size-full\" alt=\"\" srcset=\"https:\/\/archive.sana.sy\/es\/wp-content\/uploads\/2023\/02\/photo_2023-02-26_14-04-24.jpg 1280w, https:\/\/archive.sana.sy\/es\/wp-content\/uploads\/2023\/02\/photo_2023-02-26_14-04-24-300x181.jpg 300w, https:\/\/archive.sana.sy\/es\/wp-content\/uploads\/2023\/02\/photo_2023-02-26_14-04-24-1024x618.jpg 1024w, https:\/\/archive.sana.sy\/es\/wp-content\/uploads\/2023\/02\/photo_2023-02-26_14-04-24-150x91.jpg 150w, https:\/\/archive.sana.sy\/es\/wp-content\/uploads\/2023\/02\/photo_2023-02-26_14-04-24-768x464.jpg 768w\" sizes=\"(max-width: 1280px) 100vw, 1280px\" \/><\/a>\n\t\t\t<\/div><\/figure>\n\t\t<\/div>\n\n<p style=\"text-align: justify;\"><em><strong>ws\/fm\/ed<\/strong><\/em><\/p>\n","protected":false},"excerpt":{"rendered":"<p>La delegaci\u00f3n est\u00e1 confirmada por Muhammad al-Halbousi, el Presidente de la Uni\u00f3n Interparlamentaria \u00c1rabe y los jefes de los parlamentos de Emiratos \u00c1rabes Unidos, Jordania, Palestina, Libia y Egipto, Sultanato de Om\u00e1n y L\u00edbano y el Secretario General de la Uni\u00f3n Interparlamentaria \u00c1rabe. Damasco, 26 feb (SANA)\u00a0 El presidente de Siria, Bashar al Assad, recibi\u00f3 &hellip;<\/p>\n","protected":false},"author":35,"featured_media":289046,"comment_status":"closed","ping_status":"closed","sticky":false,"template":"","format":"standard","meta":{"footnotes":""},"categories":[447,477,597,20724,476],"tags":[],"class_list":["post-289045","post","type-post","status-publish","format-standard","has-post-thumbnail","","category-local-politica","category-noticias-edulcorantes","category-cinta-de-noticias","category-minuto-a-minuto","category-locales"],"_links":{"self":[{"href":"https:\/\/archive.sana.sy\/es\/index.php?rest_route=\/wp\/v2\/posts\/289045"}],"collection":[{"href":"https:\/\/archive.sana.sy\/es\/index.php?rest_route=\/wp\/v2\/posts"}],"about":[{"href":"https:\/\/archive.sana.sy\/es\/index.php?rest_route=\/wp\/v2\/types\/post"}],"author":[{"embeddable":true,"href":"https:\/\/archive.sana.sy\/es\/index.php?rest_route=\/wp\/v2\/users\/35"}],"replies":[{"embeddable":true,"href":"https:\/\/archive.sana.sy\/es\/index.php?rest_route=%2Fwp%2Fv2%2Fcomments&post=289045"}],"version-history":[{"count":0,"href":"https:\/\/archive.sana.sy\/es\/index.php?rest_route=\/wp\/v2\/posts\/289045\/revisions"}],"wp:featuredmedia":[{"embeddable":true,"href":"https:\/\/archive.sana.sy\/es\/index.php?rest_route=\/wp\/v2\/media\/289046"}],"wp:attachment":[{"href":"https:\/\/archive.sana.sy\/es\/index.php?rest_route=%2Fwp%2Fv2%2Fmedia&parent=289045"}],"wp:term":[{"taxonomy":"category","embeddable":true,"href":"https:\/\/archive.sana.sy\/es\/index.php?rest_route=%2Fwp%2Fv2%2Fcategories&post=289045"},{"taxonomy":"post_tag","embeddable":true,"href":"https:\/\/archive.sana.sy\/es\/index.php?rest_route=%2Fwp%2Fv2%2Ftags&post=289045"}],"curies":[{"name":"wp","href":"https:\/\/api.w.org\/{rel}","templated":true}]}}