{"id":289054,"date":"2023-02-26T14:49:52","date_gmt":"2023-02-26T11:49:52","guid":{"rendered":"https:\/\/sana.sy\/es\/?p=289054"},"modified":"2023-02-26T17:47:01","modified_gmt":"2023-02-26T14:47:01","slug":"presidentes-de-parlamentos-arabe-asisten-a-una-sesion-del-consejo-de-pueblo-de-siria-y-manifiestan-solidaridad","status":"publish","type":"post","link":"https:\/\/archive.sana.sy\/es\/?p=289054","title":{"rendered":"Presidentes de parlamentos \u00e1rabe asisten a una sesi\u00f3n del Consejo de Pueblo de Siria y manifiestan solidaridad"},"content":{"rendered":"<p style=\"text-align: justify;\"><span style=\"color: #800000;\"><strong>Damasco, 26 feb (SANA)\u00a0<\/strong><\/span> El presidente de la Asamblea del Pueblo, Hamouda Sabbagh, dio la bienvenida a los presidentes de parlamentos y jefes de delegaciones parlamentarias que asistieron la v\u00edspera a la Conferencia de la Uni\u00f3n Interparlamentaria \u00c1rabe.<\/p>\n<p style=\"text-align: justify;\">Durante una sesi\u00f3n del parlamento sirio, el presidente de la Uni\u00f3n Interparlamentaria \u00c1rabe y jefe del Consejo de Representantes Iraqu\u00ed, Muhammad al-Halbousi, dijo: \u201cestamos en la querida Damasco para confirmar el apoyo a la hermana Siria para que supere los obst\u00e1culos\u201d.<\/p>\n<p style=\"text-align: justify;\"><img loading=\"lazy\" decoding=\"async\" class=\"size-medium wp-image-289056 alignleft\" src=\"http:\/\/sana.sy\/es\/wp-content\/uploads\/2023\/02\/photo_2023-02-26_14-29-10-300x169.jpg\" alt=\"\" width=\"300\" height=\"169\" srcset=\"https:\/\/archive.sana.sy\/es\/wp-content\/uploads\/2023\/02\/photo_2023-02-26_14-29-10-300x169.jpg 300w, https:\/\/archive.sana.sy\/es\/wp-content\/uploads\/2023\/02\/photo_2023-02-26_14-29-10-1024x576.jpg 1024w, https:\/\/archive.sana.sy\/es\/wp-content\/uploads\/2023\/02\/photo_2023-02-26_14-29-10-150x84.jpg 150w, https:\/\/archive.sana.sy\/es\/wp-content\/uploads\/2023\/02\/photo_2023-02-26_14-29-10-768x432.jpg 768w, https:\/\/archive.sana.sy\/es\/wp-content\/uploads\/2023\/02\/photo_2023-02-26_14-29-10.jpg 1280w\" sizes=\"(max-width: 300px) 100vw, 300px\" \/>Siria es indispensable para su entorno \u00e1rabe, al que esperamos que regrese, dijo al-Halbousi.<\/p>\n<p style=\"text-align: justify;\">Mientras el presidente del Consejo Nacional Palestino, Rawhi Fattouh afirm\u00f3 que esta visita encarna el regreso de la naci\u00f3n \u00e1rabe a Siria, que es el coraz\u00f3n palpitante del arabismo.<\/p>\n<p style=\"text-align: justify;\">A su vez, el presidente del parlamento jordano Ahmad Safadi, dijo: \u201cestamos alegres por venir a Siria, y transmito los saludos del pueblo jordano al gran pueblo sirio. Siria es para todos los \u00e1rabes\u201d.<\/p>\n<p style=\"text-align: justify;\">Asimismo, el presidente del Parlamento egipcio, Hanafi Jabali afirm\u00f3 que \u201cexiste un v\u00ednculo hist\u00f3rico entre Egipto y Siria.<\/p>\n<p style=\"text-align: justify;\">Estamos aqu\u00ed en nuestro pa\u00eds y entre nuestra gente\u201d.<\/p>\n<p style=\"text-align: justify;\">\u201cExisten relaciones hist\u00f3ricas entre Egipto y Siria, y sentimos en Siria que estamos en nuestro pa\u00eds y entre nuestra gente\u201d, dijo el presidente del Parlamento egipcio, Hanafi Jabali.<\/p>\n<p style=\"text-align: justify;\">\u201cVinimos a afirmar nuestra solidaridad con Siria y decimos a Occidente que levante las sanciones en su contra\u201d, declar\u00f3 el presidente de la C\u00e1mara de Representantes de Libia, Aguila Saleh.<\/p>\n<p style=\"text-align: justify;\">A su vez, el representante del Consejo de Shura en el Sultanato de Om\u00e1n, Akilah Al-Saleh, anunci\u00f3 que su visita a Damasco es para expresar el apoyo al hermano pueblo de Siria y esperamos que Damasco restablezca su posici\u00f3n entre los estados \u00e1rabes.<\/p>\n<p><img loading=\"lazy\" decoding=\"async\" class=\"size-medium wp-image-289013 alignleft\" src=\"http:\/\/sana.sy\/es\/wp-content\/uploads\/2023\/02\/photo_2023-02-26_09-51-47-298x300.jpg\" alt=\"\" width=\"298\" height=\"300\" srcset=\"https:\/\/archive.sana.sy\/es\/wp-content\/uploads\/2023\/02\/photo_2023-02-26_09-51-47-298x300.jpg 298w, https:\/\/archive.sana.sy\/es\/wp-content\/uploads\/2023\/02\/photo_2023-02-26_09-51-47-1016x1024.jpg 1016w, https:\/\/archive.sana.sy\/es\/wp-content\/uploads\/2023\/02\/photo_2023-02-26_09-51-47-150x150.jpg 150w, https:\/\/archive.sana.sy\/es\/wp-content\/uploads\/2023\/02\/photo_2023-02-26_09-51-47-768x774.jpg 768w, https:\/\/archive.sana.sy\/es\/wp-content\/uploads\/2023\/02\/photo_2023-02-26_09-51-47-1524x1536.jpg 1524w, https:\/\/archive.sana.sy\/es\/wp-content\/uploads\/2023\/02\/photo_2023-02-26_09-51-47-2032x2048.jpg 2032w\" sizes=\"(max-width: 298px) 100vw, 298px\" \/>Varios presidentes de parlamentos y jefes de las delegaciones que participaron en las Conferencia de la Uni\u00f3n Interparlamentaria \u00c1rabe que se celebr\u00f3 la v\u00edspera en Bagdad, Iraq, hab\u00edan llegado a Damasco en una iniciativa para confirmar su apoyo a Siria y su pueblo.<\/p>\n<p>\u201cEstamos en la querida y hermana Siria para manifestar nuestro apoyo y solidaridad, y le decimos al #pueblo_sirio: Somos hermanos y estamos con ustedes en su enfrentamiento a las secuelas del terremoto\u201d, declar\u00f3 el presidente del parlamento egipcio, Hanafi Jabali, a su llegada al Aeropuerto Internacional de Damasco.<\/p>\n<p style=\"text-align: justify;\">fm\/ed<\/p>\n","protected":false},"excerpt":{"rendered":"<p>Damasco, 26 feb (SANA)\u00a0 El presidente de la Asamblea del Pueblo, Hamouda Sabbagh, dio la bienvenida a los presidentes de parlamentos y jefes de delegaciones parlamentarias que asistieron la v\u00edspera a la Conferencia de la Uni\u00f3n Interparlamentaria \u00c1rabe. Durante una sesi\u00f3n del parlamento sirio, el presidente de la Uni\u00f3n Interparlamentaria \u00c1rabe y jefe del Consejo &hellip;<\/p>\n","protected":false},"author":32,"featured_media":289095,"comment_status":"closed","ping_status":"closed","sticky":false,"template":"","format":"standard","meta":{"footnotes":""},"categories":[477,597,476,583,7541],"tags":[],"class_list":["post-289054","post","type-post","status-publish","format-standard","has-post-thumbnail","","category-noticias-edulcorantes","category-cinta-de-noticias","category-locales","category-slide","category-ultimas-noticias"],"_links":{"self":[{"href":"https:\/\/archive.sana.sy\/es\/index.php?rest_route=\/wp\/v2\/posts\/289054"}],"collection":[{"href":"https:\/\/archive.sana.sy\/es\/index.php?rest_route=\/wp\/v2\/posts"}],"about":[{"href":"https:\/\/archive.sana.sy\/es\/index.php?rest_route=\/wp\/v2\/types\/post"}],"author":[{"embeddable":true,"href":"https:\/\/archive.sana.sy\/es\/index.php?rest_route=\/wp\/v2\/users\/32"}],"replies":[{"embeddable":true,"href":"https:\/\/archive.sana.sy\/es\/index.php?rest_route=%2Fwp%2Fv2%2Fcomments&post=289054"}],"version-history":[{"count":0,"href":"https:\/\/archive.sana.sy\/es\/index.php?rest_route=\/wp\/v2\/posts\/289054\/revisions"}],"wp:featuredmedia":[{"embeddable":true,"href":"https:\/\/archive.sana.sy\/es\/index.php?rest_route=\/wp\/v2\/media\/289095"}],"wp:attachment":[{"href":"https:\/\/archive.sana.sy\/es\/index.php?rest_route=%2Fwp%2Fv2%2Fmedia&parent=289054"}],"wp:term":[{"taxonomy":"category","embeddable":true,"href":"https:\/\/archive.sana.sy\/es\/index.php?rest_route=%2Fwp%2Fv2%2Fcategories&post=289054"},{"taxonomy":"post_tag","embeddable":true,"href":"https:\/\/archive.sana.sy\/es\/index.php?rest_route=%2Fwp%2Fv2%2Ftags&post=289054"}],"curies":[{"name":"wp","href":"https:\/\/api.w.org\/{rel}","templated":true}]}}