{"id":28908,"date":"2015-08-25T13:14:53","date_gmt":"2015-08-25T10:14:53","guid":{"rendered":"http:\/\/sana.sy\/es\/?p=28908"},"modified":"2015-08-25T13:14:53","modified_gmt":"2015-08-25T10:14:53","slug":"policia-espanola-detiene-14-personas-por-reclutar-a-terroristas","status":"publish","type":"post","link":"https:\/\/archive.sana.sy\/es\/?p=28908","title":{"rendered":"Polic\u00eda espa\u00f1ola detiene 14 personas por reclutar a terroristas"},"content":{"rendered":"<p><span style=\"color: #800000\">Madrid, SANA<\/span><\/p>\n<p>El ministerio del Interior espa\u00f1ol anunci\u00f3 que Espa\u00f1a y Marruecos detuvieron a 14 personas que trabajaban en el reclutamiento de terroristas para unirse a la organizaci\u00f3n terrorista del Estado Isl\u00e1mico (EI) en Siria e Irak.<\/p>\n<p>Reuters cit\u00f3 al ministerio espa\u00f1ol diciendo en un comunicado, que los arrestos se producen en el marco de una operaci\u00f3n conjunta entre Marruecos y Espa\u00f1a, la cual se llev\u00f3 a cabo en las afueras de Madrid y en diferentes partes de Marruecos.<\/p>\n<p>La polic\u00eda espa\u00f1ola hab\u00eda arrestado este mes a un hombre por cargos de promoci\u00f3n para el EI a trav\u00e9s de la venta de ropa que lleva im\u00e1genes y consignas a favor de la organizaci\u00f3n terroristas, en el noroeste de Espa\u00f1a.<\/p>\n<p>Este a\u00f1o, las autoridades espa\u00f1olas detuvieron a 46 personas por cargos de terrorismo.<\/p>\n<p><span style=\"color: #00ccff\">Fady M., Hala B.<\/span><\/p>\n","protected":false},"excerpt":{"rendered":"<p>Madrid, SANA El ministerio del Interior espa\u00f1ol anunci\u00f3 que Espa\u00f1a y Marruecos detuvieron a 14 personas que trabajaban en el reclutamiento de terroristas para unirse a la organizaci\u00f3n terrorista del Estado Isl\u00e1mico (EI) en Siria e Irak. Reuters cit\u00f3 al ministerio espa\u00f1ol diciendo en un comunicado, que los arrestos se producen en el marco de &hellip;<\/p>\n","protected":false},"author":1,"featured_media":28909,"comment_status":"closed","ping_status":"closed","sticky":false,"template":"","format":"standard","meta":{"footnotes":""},"categories":[456,576],"tags":[6393],"class_list":["post-28908","post","type-post","status-publish","format-standard","has-post-thumbnail","","category-arabe-internacional-politica","category-noticias-politicas","tag-policia-espanola-detiene-14-personas-por-reclutar-a-terroristas"],"_links":{"self":[{"href":"https:\/\/archive.sana.sy\/es\/index.php?rest_route=\/wp\/v2\/posts\/28908"}],"collection":[{"href":"https:\/\/archive.sana.sy\/es\/index.php?rest_route=\/wp\/v2\/posts"}],"about":[{"href":"https:\/\/archive.sana.sy\/es\/index.php?rest_route=\/wp\/v2\/types\/post"}],"author":[{"embeddable":true,"href":"https:\/\/archive.sana.sy\/es\/index.php?rest_route=\/wp\/v2\/users\/1"}],"replies":[{"embeddable":true,"href":"https:\/\/archive.sana.sy\/es\/index.php?rest_route=%2Fwp%2Fv2%2Fcomments&post=28908"}],"version-history":[{"count":0,"href":"https:\/\/archive.sana.sy\/es\/index.php?rest_route=\/wp\/v2\/posts\/28908\/revisions"}],"wp:featuredmedia":[{"embeddable":true,"href":"https:\/\/archive.sana.sy\/es\/index.php?rest_route=\/wp\/v2\/media\/28909"}],"wp:attachment":[{"href":"https:\/\/archive.sana.sy\/es\/index.php?rest_route=%2Fwp%2Fv2%2Fmedia&parent=28908"}],"wp:term":[{"taxonomy":"category","embeddable":true,"href":"https:\/\/archive.sana.sy\/es\/index.php?rest_route=%2Fwp%2Fv2%2Fcategories&post=28908"},{"taxonomy":"post_tag","embeddable":true,"href":"https:\/\/archive.sana.sy\/es\/index.php?rest_route=%2Fwp%2Fv2%2Ftags&post=28908"}],"curies":[{"name":"wp","href":"https:\/\/api.w.org\/{rel}","templated":true}]}}