{"id":289085,"date":"2023-02-26T17:22:55","date_gmt":"2023-02-26T14:22:55","guid":{"rendered":"http:\/\/107.6.182.27\/es\/?p=289085"},"modified":"2023-02-26T18:03:29","modified_gmt":"2023-02-26T15:03:29","slug":"area-liberada-de-donetsk-crece-dia-a-dia","status":"publish","type":"post","link":"https:\/\/archive.sana.sy\/es\/?p=289085","title":{"rendered":"\u00c1rea liberada de Donetsk crece d\u00eda a d\u00eda"},"content":{"rendered":"<blockquote>\n<p style=\"text-align: justify;\"><span style=\"color: #993300;\"><strong>Seg\u00fan el jefe en funciones de la regi\u00f3n, esa \u00e1rea crece todos los d\u00edas, metro a metro, aunque es muy temprano para hablar de un plazo concreto para el fin de la operaci\u00f3n especial que desarrolla Rusia, pues todo depender\u00e1 de la situaci\u00f3n real sobre el terreno.<\/strong><\/span><\/p>\n<\/blockquote>\n<p style=\"text-align: justify;\"><span style=\"color: #800000;\"><strong>Mosc\u00fa, 26 feb (SANAN)<\/strong><\/span> M\u00e1s de la mitad del territorio de la Rep\u00fablica Popular de Donetsk dentro de sus fronteras administrativas legales ha sido liberado por las fuerzas rusas, declar\u00f3 hoy el jefe en funciones de la regi\u00f3n, Denis Pushilin.<\/p>\n<p>Seg\u00fan afirm\u00f3 el funcionario, esa \u00e1rea crece todos los d\u00edas, metro a metro, aunque es muy temprano para hablar de un plazo concreto para el fin de la operaci\u00f3n especial que desarrolla Rusia, pues todo depender\u00e1 de la situaci\u00f3n real sobre el terreno.<\/p>\n<p style=\"text-align: justify;\">Las principales tareas para la liberaci\u00f3n de Donetsk son el avance de las fuerzas rusas en las zonas de Avd\u00e9yevka y Arti\u00f3movsk, as\u00ed como la destrucci\u00f3n de las defensas de las Fuerzas Armadas de Ucrania en la zona de Slaviansk y Kramatorsk, afirm\u00f3 citado por la agencia Prensa Latina.<\/p>\n<p style=\"text-align: justify;\">A\u00f1adi\u00f3 que tambi\u00e9n el n\u00famero de armas suministradas al r\u00e9gimen de Kiev por los pa\u00edses occidentales ajusta el calendario de la operaci\u00f3n especial, pues cuantos m\u00e1s sistemas de largo alcance se transfieran, m\u00e1s habr\u00e1 que alejar la amenaza de las fronteras.<\/p>\n<p>fm\/as<\/p>\n","protected":false},"excerpt":{"rendered":"<p>Seg\u00fan el jefe en funciones de la regi\u00f3n, esa \u00e1rea crece todos los d\u00edas, metro a metro, aunque es muy temprano para hablar de un plazo concreto para el fin de la operaci\u00f3n especial que desarrolla Rusia, pues todo depender\u00e1 de la situaci\u00f3n real sobre el terreno. Mosc\u00fa, 26 feb (SANAN) M\u00e1s de la mitad &hellip;<\/p>\n","protected":false},"author":42,"featured_media":289086,"comment_status":"closed","ping_status":"closed","sticky":false,"template":"","format":"standard","meta":{"footnotes":""},"categories":[597,456,16687,20724,583],"tags":[],"class_list":["post-289085","post","type-post","status-publish","format-standard","has-post-thumbnail","","category-cinta-de-noticias","category-arabe-internacional-politica","category-internacionales","category-minuto-a-minuto","category-slide"],"_links":{"self":[{"href":"https:\/\/archive.sana.sy\/es\/index.php?rest_route=\/wp\/v2\/posts\/289085"}],"collection":[{"href":"https:\/\/archive.sana.sy\/es\/index.php?rest_route=\/wp\/v2\/posts"}],"about":[{"href":"https:\/\/archive.sana.sy\/es\/index.php?rest_route=\/wp\/v2\/types\/post"}],"author":[{"embeddable":true,"href":"https:\/\/archive.sana.sy\/es\/index.php?rest_route=\/wp\/v2\/users\/42"}],"replies":[{"embeddable":true,"href":"https:\/\/archive.sana.sy\/es\/index.php?rest_route=%2Fwp%2Fv2%2Fcomments&post=289085"}],"version-history":[{"count":0,"href":"https:\/\/archive.sana.sy\/es\/index.php?rest_route=\/wp\/v2\/posts\/289085\/revisions"}],"wp:featuredmedia":[{"embeddable":true,"href":"https:\/\/archive.sana.sy\/es\/index.php?rest_route=\/wp\/v2\/media\/289086"}],"wp:attachment":[{"href":"https:\/\/archive.sana.sy\/es\/index.php?rest_route=%2Fwp%2Fv2%2Fmedia&parent=289085"}],"wp:term":[{"taxonomy":"category","embeddable":true,"href":"https:\/\/archive.sana.sy\/es\/index.php?rest_route=%2Fwp%2Fv2%2Fcategories&post=289085"},{"taxonomy":"post_tag","embeddable":true,"href":"https:\/\/archive.sana.sy\/es\/index.php?rest_route=%2Fwp%2Fv2%2Ftags&post=289085"}],"curies":[{"name":"wp","href":"https:\/\/api.w.org\/{rel}","templated":true}]}}