{"id":289106,"date":"2023-02-26T19:51:35","date_gmt":"2023-02-26T16:51:35","guid":{"rendered":"https:\/\/sana.sy\/es\/?p=289106"},"modified":"2023-02-27T16:47:09","modified_gmt":"2023-02-27T13:47:09","slug":"presidente-sirio-agradece-apoyo-de-iraq-y-eau-ante-la-catastrofe-del-terremoto","status":"publish","type":"post","link":"https:\/\/archive.sana.sy\/es\/?p=289106","title":{"rendered":"Presidente sirio agradece apoyo de Iraq y EAU ante la cat\u00e1strofe del terremoto"},"content":{"rendered":"<p style=\"text-align: justify;\"><span style=\"color: #800000;\"><strong>Damasco, 26 feb (SANA)<\/strong><\/span>\u00a0 \u00a0El presidente Bashar al-Assad, recibi\u00f3 hoy al presidente de la Uni\u00f3n Parlamentaria \u00c1rabe y presidente del Consejo de Representantes iraqu\u00ed, Muhammad al-Halbousi, y destac\u00f3 las relaciones fraternales entre Siria e Iraq.<\/p>\n<p style=\"text-align: justify;\">Dijo que los factores geogr\u00e1ficos y populares entre los dos pa\u00edses hacen que los dos pueblos vivan desaf\u00edos similares y compartan intereses comunes.<\/p>\n<p style=\"text-align: justify;\">El mandatario subray\u00f3 la importancia del papel de los parlamentos de los dos pa\u00edses como sost\u00e9n de la acci\u00f3n oficial para potenciar la cooperaci\u00f3n bilateral en \u00e1reas que beneficien a los dos pueblos y sus objetivos e intereses.<\/p>\n<p style=\"text-align: justify;\">El presidente al-Assad expres\u00f3 su agradecimiento por la visita de la delegaci\u00f3n de la Uni\u00f3n Parlamentaria a Siria y consider\u00f3 que refleja el pulso y la originalidad de las masas \u00e1rabes.<\/p>\n<p style=\"text-align: justify;\">Por su parte, Al-Halbousi afirm\u00f3 que la Uni\u00f3n Interparlamentaria \u00c1rabe no escatimar\u00e1 esfuerzos para restaurar el papel influyente y activo de Siria en la arena \u00e1rabe, e indic\u00f3 que Iraq continuar\u00e1 brindando toda la asistencia posible para apoyar los esfuerzos del gobierno sirio en la prestaci\u00f3n de ayuda a los afectados por el terremoto.<\/p>\n<p style=\"text-align: justify;\">El presidente Al-Assad tambi\u00e9n se reuni\u00f3 con el presidente del Consejo Nacional Federal de los Emiratos \u00c1rabes Unidos, Saqr Ghobash, y con los miembros de la delegaci\u00f3n parlamentaria que participaron en la conferencia de la Uni\u00f3n Interparlamentaria \u00c1rabe.<\/p>\n<p style=\"text-align: justify;\">Los miembros y el jefe de la delegaci\u00f3n emirat\u00ed afirmaron que su visita a Siria es para transmitir el amor del pueblo emirat\u00ed por Siria y expresar su solidaridad con el pueblo sirio que sufri\u00f3 del devastador terremoto, de la guerra y del bloqueo.<\/p>\n<p style=\"text-align: justify;\">El presidente al-Assad resalt\u00f3 la posici\u00f3n de Emiratos \u00c1rabes Unidos y su gran apoyo al pueblo sirio durante este calvario mediante el env\u00edo de equipos de rescate y diversos tipos de ayuda y socorro.<\/p>\n<p style=\"text-align: justify;\">fm\/rr<\/p>\n<div id='gallery-1' class='gallery galleryid-289106 gallery-columns-1 gallery-size-full'><figure class='gallery-item'>\n\t\t\t<div class='gallery-icon landscape'>\n\t\t\t\t<a href='https:\/\/archive.sana.sy\/es\/wp-content\/uploads\/2023\/02\/DSC01394-scaled.jpg'><img loading=\"lazy\" decoding=\"async\" width=\"2560\" height=\"1201\" src=\"https:\/\/archive.sana.sy\/es\/wp-content\/uploads\/2023\/02\/DSC01394-scaled.jpg\" class=\"attachment-full size-full\" alt=\"\" srcset=\"https:\/\/archive.sana.sy\/es\/wp-content\/uploads\/2023\/02\/DSC01394-scaled.jpg 2560w, https:\/\/archive.sana.sy\/es\/wp-content\/uploads\/2023\/02\/DSC01394-300x141.jpg 300w, https:\/\/archive.sana.sy\/es\/wp-content\/uploads\/2023\/02\/DSC01394-1024x480.jpg 1024w, https:\/\/archive.sana.sy\/es\/wp-content\/uploads\/2023\/02\/DSC01394-150x70.jpg 150w, https:\/\/archive.sana.sy\/es\/wp-content\/uploads\/2023\/02\/DSC01394-768x360.jpg 768w, https:\/\/archive.sana.sy\/es\/wp-content\/uploads\/2023\/02\/DSC01394-1536x721.jpg 1536w, https:\/\/archive.sana.sy\/es\/wp-content\/uploads\/2023\/02\/DSC01394-2048x961.jpg 2048w\" sizes=\"(max-width: 2560px) 100vw, 2560px\" \/><\/a>\n\t\t\t<\/div><\/figure><figure class='gallery-item'>\n\t\t\t<div class='gallery-icon landscape'>\n\t\t\t\t<a href='https:\/\/archive.sana.sy\/es\/wp-content\/uploads\/2023\/02\/\u0633\u0644\u0627\u064a\u062f-scaled.jpg'><img loading=\"lazy\" decoding=\"async\" width=\"2560\" height=\"1434\" src=\"https:\/\/archive.sana.sy\/es\/wp-content\/uploads\/2023\/02\/\u0633\u0644\u0627\u064a\u062f-scaled.jpg\" class=\"attachment-full size-full\" alt=\"\" srcset=\"https:\/\/archive.sana.sy\/es\/wp-content\/uploads\/2023\/02\/\u0633\u0644\u0627\u064a\u062f-scaled.jpg 2560w, https:\/\/archive.sana.sy\/es\/wp-content\/uploads\/2023\/02\/\u0633\u0644\u0627\u064a\u062f-300x168.jpg 300w, https:\/\/archive.sana.sy\/es\/wp-content\/uploads\/2023\/02\/\u0633\u0644\u0627\u064a\u062f-1024x573.jpg 1024w, https:\/\/archive.sana.sy\/es\/wp-content\/uploads\/2023\/02\/\u0633\u0644\u0627\u064a\u062f-150x84.jpg 150w, https:\/\/archive.sana.sy\/es\/wp-content\/uploads\/2023\/02\/\u0633\u0644\u0627\u064a\u062f-768x430.jpg 768w, https:\/\/archive.sana.sy\/es\/wp-content\/uploads\/2023\/02\/\u0633\u0644\u0627\u064a\u062f-1536x860.jpg 1536w, https:\/\/archive.sana.sy\/es\/wp-content\/uploads\/2023\/02\/\u0633\u0644\u0627\u064a\u062f-2048x1147.jpg 2048w\" sizes=\"(max-width: 2560px) 100vw, 2560px\" \/><\/a>\n\t\t\t<\/div><\/figure><figure class='gallery-item'>\n\t\t\t<div class='gallery-icon landscape'>\n\t\t\t\t<a href='https:\/\/archive.sana.sy\/es\/wp-content\/uploads\/2023\/02\/23_03_26_MP_\u0627\u0633\u062a\u0642\u0628\u0627\u0644_\u0648\u0641\u062f_\u0628\u0631\u0644\u0645\u0627\u0646\u064a_\u0627\u0645\u0627\u0631\u0627\u062a\u064a_6-1.jpg'><img loading=\"lazy\" decoding=\"async\" width=\"1200\" height=\"739\" src=\"https:\/\/archive.sana.sy\/es\/wp-content\/uploads\/2023\/02\/23_03_26_MP_\u0627\u0633\u062a\u0642\u0628\u0627\u0644_\u0648\u0641\u062f_\u0628\u0631\u0644\u0645\u0627\u0646\u064a_\u0627\u0645\u0627\u0631\u0627\u062a\u064a_6-1.jpg\" class=\"attachment-full size-full\" alt=\"\" srcset=\"https:\/\/archive.sana.sy\/es\/wp-content\/uploads\/2023\/02\/23_03_26_MP_\u0627\u0633\u062a\u0642\u0628\u0627\u0644_\u0648\u0641\u062f_\u0628\u0631\u0644\u0645\u0627\u0646\u064a_\u0627\u0645\u0627\u0631\u0627\u062a\u064a_6-1.jpg 1200w, https:\/\/archive.sana.sy\/es\/wp-content\/uploads\/2023\/02\/23_03_26_MP_\u0627\u0633\u062a\u0642\u0628\u0627\u0644_\u0648\u0641\u062f_\u0628\u0631\u0644\u0645\u0627\u0646\u064a_\u0627\u0645\u0627\u0631\u0627\u062a\u064a_6-1-300x185.jpg 300w, https:\/\/archive.sana.sy\/es\/wp-content\/uploads\/2023\/02\/23_03_26_MP_\u0627\u0633\u062a\u0642\u0628\u0627\u0644_\u0648\u0641\u062f_\u0628\u0631\u0644\u0645\u0627\u0646\u064a_\u0627\u0645\u0627\u0631\u0627\u062a\u064a_6-1-1024x631.jpg 1024w, https:\/\/archive.sana.sy\/es\/wp-content\/uploads\/2023\/02\/23_03_26_MP_\u0627\u0633\u062a\u0642\u0628\u0627\u0644_\u0648\u0641\u062f_\u0628\u0631\u0644\u0645\u0627\u0646\u064a_\u0627\u0645\u0627\u0631\u0627\u062a\u064a_6-1-150x92.jpg 150w, https:\/\/archive.sana.sy\/es\/wp-content\/uploads\/2023\/02\/23_03_26_MP_\u0627\u0633\u062a\u0642\u0628\u0627\u0644_\u0648\u0641\u062f_\u0628\u0631\u0644\u0645\u0627\u0646\u064a_\u0627\u0645\u0627\u0631\u0627\u062a\u064a_6-1-768x473.jpg 768w\" sizes=\"(max-width: 1200px) 100vw, 1200px\" \/><\/a>\n\t\t\t<\/div><\/figure>\n\t\t<\/div>\n\n","protected":false},"excerpt":{"rendered":"<p>Damasco, 26 feb (SANA)\u00a0 \u00a0El presidente Bashar al-Assad, recibi\u00f3 hoy al presidente de la Uni\u00f3n Parlamentaria \u00c1rabe y presidente del Consejo de Representantes iraqu\u00ed, Muhammad al-Halbousi, y destac\u00f3 las relaciones fraternales entre Siria e Iraq. Dijo que los factores geogr\u00e1ficos y populares entre los dos pa\u00edses hacen que los dos pueblos vivan desaf\u00edos similares y &hellip;<\/p>\n","protected":false},"author":31,"featured_media":289107,"comment_status":"closed","ping_status":"closed","sticky":false,"template":"","format":"standard","meta":{"footnotes":""},"categories":[597,476,583],"tags":[],"class_list":["post-289106","post","type-post","status-publish","format-standard","has-post-thumbnail","","category-cinta-de-noticias","category-locales","category-slide"],"_links":{"self":[{"href":"https:\/\/archive.sana.sy\/es\/index.php?rest_route=\/wp\/v2\/posts\/289106"}],"collection":[{"href":"https:\/\/archive.sana.sy\/es\/index.php?rest_route=\/wp\/v2\/posts"}],"about":[{"href":"https:\/\/archive.sana.sy\/es\/index.php?rest_route=\/wp\/v2\/types\/post"}],"author":[{"embeddable":true,"href":"https:\/\/archive.sana.sy\/es\/index.php?rest_route=\/wp\/v2\/users\/31"}],"replies":[{"embeddable":true,"href":"https:\/\/archive.sana.sy\/es\/index.php?rest_route=%2Fwp%2Fv2%2Fcomments&post=289106"}],"version-history":[{"count":0,"href":"https:\/\/archive.sana.sy\/es\/index.php?rest_route=\/wp\/v2\/posts\/289106\/revisions"}],"wp:featuredmedia":[{"embeddable":true,"href":"https:\/\/archive.sana.sy\/es\/index.php?rest_route=\/wp\/v2\/media\/289107"}],"wp:attachment":[{"href":"https:\/\/archive.sana.sy\/es\/index.php?rest_route=%2Fwp%2Fv2%2Fmedia&parent=289106"}],"wp:term":[{"taxonomy":"category","embeddable":true,"href":"https:\/\/archive.sana.sy\/es\/index.php?rest_route=%2Fwp%2Fv2%2Fcategories&post=289106"},{"taxonomy":"post_tag","embeddable":true,"href":"https:\/\/archive.sana.sy\/es\/index.php?rest_route=%2Fwp%2Fv2%2Ftags&post=289106"}],"curies":[{"name":"wp","href":"https:\/\/api.w.org\/{rel}","templated":true}]}}